{"id":133,"date":"2016-09-27T14:05:25","date_gmt":"2016-09-27T20:05:25","guid":{"rendered":"https:\/\/migration.asb-latam.org\/?p=133"},"modified":"2017-07-05T08:41:42","modified_gmt":"2017-07-05T14:41:42","slug":"la-red-girdd-lac-se-presente-la-reunion-lima-gndr-america","status":"publish","type":"post","link":"https:\/\/asb-latam.org\/en\/la-red-girdd-lac-se-presente-la-reunion-lima-gndr-america\/","title":{"rendered":"The GIRDD LAC Network is attending the Lima meeting of GNDR America"},"content":{"rendered":"<p style=\"text-align: justify;\">As the inclusion of disability in DRR was one of the three panels at this meeting of the GNDR (Global Network of Civil Society Organizations for Disaster Reduction), several members of <a href=\"https:\/\/desastresydiscapacidad.net\/\">RED GIRDD LAC<\/a>, like RIADIS, ONG Inclusiva and ASB, were present in said workshop.<\/p>\n<p style=\"text-align: justify;\">The Lima workshop (27 September 2016), funded by USAID and hosted by UNISDR, was part of a process initiated in Thailand to establish civil society priorities for DRR in our region. For this purpose, three thematic panels were presented at the meeting: community resilience, disability inclusion, and networks and alliances. These three priorities were highlighted in the workshop agenda to help the Sendai Framework have greater impact on local level planning.<\/p>\n<p style=\"text-align: justify;\">Four organizations from the continent with experience in this area participated in the panel on disability inclusion: Paz y Esperanza (Peru), RET (Panama), RIADIS (Panama) and ONG Inclusiva (Chile). The people who represented these last two organizations spoke in their presentation of the recent conformation of the GIRDD LAC Network, which is formed at the moment by UNISDR, PAHO, RIADIS, Inclusive NGO and ASB, although it is hoped that several interested organizations will soon join the network.<\/p>\n<p style=\"text-align: justify;\">In the second half of the afternoon, working tables were opened on these panels to establish conclusions and commitments of the attending organizations, which promote joint action in some identified areas. Born in 2007, the Global Network for Disaster Reduction (GNDR) is the largest international network of organizations committed to working together to improve the lives of people affected by disasters. <a href=\"https:\/\/www.gndr.org\/es\/\">Red Global para la Reducci\u00f3n de Desastres (GNDR)<\/a> es la mayor red internacional de organizaciones comprometidas en trabajar juntas para mejorar las vidas de las personas afectadas por desastres.<\/p>","protected":false},"excerpt":{"rendered":"<p>Por ser la inclusi\u00f3n de la discapacidad en la RRD uno de los 3 paneles de esta reuni\u00f3n [&hellip;]<\/p>\n","protected":false},"author":1,"featured_media":1951,"comment_status":"open","ping_status":"open","sticky":false,"template":"","format":"standard","meta":{"_acf_changed":false,"footnotes":""},"categories":[29,30,32,1],"tags":[12,31,11],"class_list":["post-133","post","type-post","status-publish","format-standard","has-post-thumbnail","hentry","category-discapacidad","category-gestion-del-riesgo-de-desastres","category-gestion-inclusiva-del-riesgo","category-sin-categoria","tag-discapacidad","tag-gestion-inclusiva-del-riesgo","tag-taller"],"acf":[],"yoast_head":"<!-- This site is optimized with the Yoast SEO plugin v27.2 - https:\/\/yoast.com\/product\/yoast-seo-wordpress\/ -->\n<title>La Red GIRDD LAC se hace presente en la reuni\u00f3n de Lima de GNDR Am\u00e9rica - ASB Am\u00e9rica Latina<\/title>\n<meta name=\"robots\" content=\"index, follow, max-snippet:-1, max-image-preview:large, max-video-preview:-1\" \/>\n<link rel=\"canonical\" href=\"https:\/\/asb-latam.org\/en\/la-red-girdd-lac-se-presente-la-reunion-lima-gndr-america\/\" \/>\n<meta property=\"og:locale\" content=\"en_US\" \/>\n<meta property=\"og:type\" content=\"article\" \/>\n<meta property=\"og:title\" content=\"La Red GIRDD LAC se hace presente en la reuni\u00f3n de Lima de GNDR Am\u00e9rica - ASB Am\u00e9rica Latina\" \/>\n<meta property=\"og:description\" content=\"Por ser la inclusi\u00f3n de la discapacidad en la RRD uno de los 3 paneles de esta reuni\u00f3n [&hellip;]\" \/>\n<meta property=\"og:url\" content=\"https:\/\/asb-latam.org\/en\/la-red-girdd-lac-se-presente-la-reunion-lima-gndr-america\/\" \/>\n<meta property=\"og:site_name\" content=\"ASB Am\u00e9rica Latina\" \/>\n<meta property=\"article:published_time\" content=\"2016-09-27T20:05:25+00:00\" \/>\n<meta property=\"article:modified_time\" content=\"2017-07-05T14:41:42+00:00\" \/>\n<meta property=\"og:image\" content=\"https:\/\/migration.asb-latam.org\/wp-content\/uploads\/2016\/09\/RED-GIRDD-LAC-se-hace-presenta-en-la-reunion-de-Lima.jpg\" \/>\n\t<meta property=\"og:image:width\" content=\"1920\" \/>\n\t<meta property=\"og:image:height\" content=\"1080\" \/>\n\t<meta property=\"og:image:type\" content=\"image\/jpeg\" \/>\n<meta name=\"author\" content=\"Olmedo Morales\" \/>\n<meta name=\"twitter:card\" content=\"summary_large_image\" \/>\n<meta name=\"twitter:label1\" content=\"Written by\" \/>\n\t<meta name=\"twitter:data1\" content=\"Olmedo Morales\" \/>\n\t<meta name=\"twitter:label2\" content=\"Est. reading time\" \/>\n\t<meta name=\"twitter:data2\" content=\"2 minutes\" \/>\n<script type=\"application\/ld+json\" class=\"yoast-schema-graph\">{\"@context\":\"https:\/\/schema.org\",\"@graph\":[{\"@type\":\"Article\",\"@id\":\"https:\/\/asb-latam.org\/en\/la-red-girdd-lac-se-presente-la-reunion-lima-gndr-america\/#article\",\"isPartOf\":{\"@id\":\"https:\/\/asb-latam.org\/en\/la-red-girdd-lac-se-presente-la-reunion-lima-gndr-america\/\"},\"author\":{\"name\":\"Olmedo Morales\",\"@id\":\"https:\/\/asb-latam.org\/#\/schema\/person\/38f9fa7875be1067361477d056ec1670\"},\"headline\":\"La Red GIRDD LAC se hace presente en la reuni\u00f3n de Lima de GNDR Am\u00e9rica\",\"datePublished\":\"2016-09-27T20:05:25+00:00\",\"dateModified\":\"2017-07-05T14:41:42+00:00\",\"mainEntityOfPage\":{\"@id\":\"https:\/\/asb-latam.org\/en\/la-red-girdd-lac-se-presente-la-reunion-lima-gndr-america\/\"},\"wordCount\":328,\"commentCount\":0,\"image\":{\"@id\":\"https:\/\/asb-latam.org\/en\/la-red-girdd-lac-se-presente-la-reunion-lima-gndr-america\/#primaryimage\"},\"thumbnailUrl\":\"https:\/\/asb-latam.org\/wp-content\/uploads\/2016\/09\/RED-GIRDD-LAC-se-hace-presenta-en-la-reunion-de-Lima.jpg\",\"keywords\":[\"Discapacidad\",\"Gesti\u00f3n inclusiva del riesgo\",\"Taller\"],\"articleSection\":[\"Discapacidad\",\"Gestion del Riesgo de Desastres\",\"Gesti\u00f3n inclusiva del riesgo\",\"Sin categor\u00eda\"],\"inLanguage\":\"en-US\",\"potentialAction\":[{\"@type\":\"CommentAction\",\"name\":\"Comment\",\"target\":[\"https:\/\/asb-latam.org\/en\/la-red-girdd-lac-se-presente-la-reunion-lima-gndr-america\/#respond\"]}]},{\"@type\":\"WebPage\",\"@id\":\"https:\/\/asb-latam.org\/en\/la-red-girdd-lac-se-presente-la-reunion-lima-gndr-america\/\",\"url\":\"https:\/\/asb-latam.org\/en\/la-red-girdd-lac-se-presente-la-reunion-lima-gndr-america\/\",\"name\":\"La Red GIRDD LAC se hace presente en la reuni\u00f3n de Lima de GNDR Am\u00e9rica - ASB Am\u00e9rica Latina\",\"isPartOf\":{\"@id\":\"https:\/\/asb-latam.org\/#website\"},\"primaryImageOfPage\":{\"@id\":\"https:\/\/asb-latam.org\/en\/la-red-girdd-lac-se-presente-la-reunion-lima-gndr-america\/#primaryimage\"},\"image\":{\"@id\":\"https:\/\/asb-latam.org\/en\/la-red-girdd-lac-se-presente-la-reunion-lima-gndr-america\/#primaryimage\"},\"thumbnailUrl\":\"https:\/\/asb-latam.org\/wp-content\/uploads\/2016\/09\/RED-GIRDD-LAC-se-hace-presenta-en-la-reunion-de-Lima.jpg\",\"datePublished\":\"2016-09-27T20:05:25+00:00\",\"dateModified\":\"2017-07-05T14:41:42+00:00\",\"author\":{\"@id\":\"https:\/\/asb-latam.org\/#\/schema\/person\/38f9fa7875be1067361477d056ec1670\"},\"breadcrumb\":{\"@id\":\"https:\/\/asb-latam.org\/en\/la-red-girdd-lac-se-presente-la-reunion-lima-gndr-america\/#breadcrumb\"},\"inLanguage\":\"en-US\",\"potentialAction\":[{\"@type\":\"ReadAction\",\"target\":[\"https:\/\/asb-latam.org\/en\/la-red-girdd-lac-se-presente-la-reunion-lima-gndr-america\/\"]}]},{\"@type\":\"ImageObject\",\"inLanguage\":\"en-US\",\"@id\":\"https:\/\/asb-latam.org\/en\/la-red-girdd-lac-se-presente-la-reunion-lima-gndr-america\/#primaryimage\",\"url\":\"https:\/\/asb-latam.org\/wp-content\/uploads\/2016\/09\/RED-GIRDD-LAC-se-hace-presenta-en-la-reunion-de-Lima.jpg\",\"contentUrl\":\"https:\/\/asb-latam.org\/wp-content\/uploads\/2016\/09\/RED-GIRDD-LAC-se-hace-presenta-en-la-reunion-de-Lima.jpg\",\"width\":\"1920\",\"height\":\"1080\"},{\"@type\":\"BreadcrumbList\",\"@id\":\"https:\/\/asb-latam.org\/en\/la-red-girdd-lac-se-presente-la-reunion-lima-gndr-america\/#breadcrumb\",\"itemListElement\":[{\"@type\":\"ListItem\",\"position\":1,\"name\":\"Portada\",\"item\":\"https:\/\/asb-latam.org\/\"},{\"@type\":\"ListItem\",\"position\":2,\"name\":\"La Red GIRDD LAC se hace presente en la reuni\u00f3n de Lima de GNDR Am\u00e9rica\"}]},{\"@type\":\"WebSite\",\"@id\":\"https:\/\/asb-latam.org\/#website\",\"url\":\"https:\/\/asb-latam.org\/\",\"name\":\"ASB Am\u00e9rica Latina\",\"description\":\"Ayudamos aqu\u00ed y ahora\",\"potentialAction\":[{\"@type\":\"SearchAction\",\"target\":{\"@type\":\"EntryPoint\",\"urlTemplate\":\"https:\/\/asb-latam.org\/?s={search_term_string}\"},\"query-input\":{\"@type\":\"PropertyValueSpecification\",\"valueRequired\":true,\"valueName\":\"search_term_string\"}}],\"inLanguage\":\"en-US\"},{\"@type\":\"Person\",\"@id\":\"https:\/\/asb-latam.org\/#\/schema\/person\/38f9fa7875be1067361477d056ec1670\",\"name\":\"Olmedo Morales\",\"image\":{\"@type\":\"ImageObject\",\"inLanguage\":\"en-US\",\"@id\":\"https:\/\/secure.gravatar.com\/avatar\/4aa165ff7f1d00dd1a86a95c1811131f59f71d6f33063152cd7facb1945185a9?s=96&d=mm&r=g\",\"url\":\"https:\/\/secure.gravatar.com\/avatar\/4aa165ff7f1d00dd1a86a95c1811131f59f71d6f33063152cd7facb1945185a9?s=96&d=mm&r=g\",\"contentUrl\":\"https:\/\/secure.gravatar.com\/avatar\/4aa165ff7f1d00dd1a86a95c1811131f59f71d6f33063152cd7facb1945185a9?s=96&d=mm&r=g\",\"caption\":\"Olmedo Morales\"},\"url\":\"https:\/\/asb-latam.org\/en\/author\/sabine\/\"}]}<\/script>\n<!-- \/ Yoast SEO plugin. -->","yoast_head_json":{"title":"La Red GIRDD LAC se hace presente en la reuni\u00f3n de Lima de GNDR Am\u00e9rica - ASB Am\u00e9rica Latina","robots":{"index":"index","follow":"follow","max-snippet":"max-snippet:-1","max-image-preview":"max-image-preview:large","max-video-preview":"max-video-preview:-1"},"canonical":"https:\/\/asb-latam.org\/en\/la-red-girdd-lac-se-presente-la-reunion-lima-gndr-america\/","og_locale":"en_US","og_type":"article","og_title":"La Red GIRDD LAC se hace presente en la reuni\u00f3n de Lima de GNDR Am\u00e9rica - ASB Am\u00e9rica Latina","og_description":"Por ser la inclusi\u00f3n de la discapacidad en la RRD uno de los 3 paneles de esta reuni\u00f3n [&hellip;]","og_url":"https:\/\/asb-latam.org\/en\/la-red-girdd-lac-se-presente-la-reunion-lima-gndr-america\/","og_site_name":"ASB Am\u00e9rica Latina","article_published_time":"2016-09-27T20:05:25+00:00","article_modified_time":"2017-07-05T14:41:42+00:00","og_image":[{"width":1920,"height":1080,"url":"https:\/\/migration.asb-latam.org\/wp-content\/uploads\/2016\/09\/RED-GIRDD-LAC-se-hace-presenta-en-la-reunion-de-Lima.jpg","type":"image\/jpeg"}],"author":"Olmedo Morales","twitter_card":"summary_large_image","twitter_misc":{"Written by":"Olmedo Morales","Est. reading time":"2 minutes"},"schema":{"@context":"https:\/\/schema.org","@graph":[{"@type":"Article","@id":"https:\/\/asb-latam.org\/en\/la-red-girdd-lac-se-presente-la-reunion-lima-gndr-america\/#article","isPartOf":{"@id":"https:\/\/asb-latam.org\/en\/la-red-girdd-lac-se-presente-la-reunion-lima-gndr-america\/"},"author":{"name":"Olmedo Morales","@id":"https:\/\/asb-latam.org\/#\/schema\/person\/38f9fa7875be1067361477d056ec1670"},"headline":"La Red GIRDD LAC se hace presente en la reuni\u00f3n de Lima de GNDR Am\u00e9rica","datePublished":"2016-09-27T20:05:25+00:00","dateModified":"2017-07-05T14:41:42+00:00","mainEntityOfPage":{"@id":"https:\/\/asb-latam.org\/en\/la-red-girdd-lac-se-presente-la-reunion-lima-gndr-america\/"},"wordCount":328,"commentCount":0,"image":{"@id":"https:\/\/asb-latam.org\/en\/la-red-girdd-lac-se-presente-la-reunion-lima-gndr-america\/#primaryimage"},"thumbnailUrl":"https:\/\/asb-latam.org\/wp-content\/uploads\/2016\/09\/RED-GIRDD-LAC-se-hace-presenta-en-la-reunion-de-Lima.jpg","keywords":["Discapacidad","Gesti\u00f3n inclusiva del riesgo","Taller"],"articleSection":["Discapacidad","Gestion del Riesgo de Desastres","Gesti\u00f3n inclusiva del riesgo","Sin categor\u00eda"],"inLanguage":"en-US","potentialAction":[{"@type":"CommentAction","name":"Comment","target":["https:\/\/asb-latam.org\/en\/la-red-girdd-lac-se-presente-la-reunion-lima-gndr-america\/#respond"]}]},{"@type":"WebPage","@id":"https:\/\/asb-latam.org\/en\/la-red-girdd-lac-se-presente-la-reunion-lima-gndr-america\/","url":"https:\/\/asb-latam.org\/en\/la-red-girdd-lac-se-presente-la-reunion-lima-gndr-america\/","name":"La Red GIRDD LAC se hace presente en la reuni\u00f3n de Lima de GNDR Am\u00e9rica - ASB Am\u00e9rica Latina","isPartOf":{"@id":"https:\/\/asb-latam.org\/#website"},"primaryImageOfPage":{"@id":"https:\/\/asb-latam.org\/en\/la-red-girdd-lac-se-presente-la-reunion-lima-gndr-america\/#primaryimage"},"image":{"@id":"https:\/\/asb-latam.org\/en\/la-red-girdd-lac-se-presente-la-reunion-lima-gndr-america\/#primaryimage"},"thumbnailUrl":"https:\/\/asb-latam.org\/wp-content\/uploads\/2016\/09\/RED-GIRDD-LAC-se-hace-presenta-en-la-reunion-de-Lima.jpg","datePublished":"2016-09-27T20:05:25+00:00","dateModified":"2017-07-05T14:41:42+00:00","author":{"@id":"https:\/\/asb-latam.org\/#\/schema\/person\/38f9fa7875be1067361477d056ec1670"},"breadcrumb":{"@id":"https:\/\/asb-latam.org\/en\/la-red-girdd-lac-se-presente-la-reunion-lima-gndr-america\/#breadcrumb"},"inLanguage":"en-US","potentialAction":[{"@type":"ReadAction","target":["https:\/\/asb-latam.org\/en\/la-red-girdd-lac-se-presente-la-reunion-lima-gndr-america\/"]}]},{"@type":"ImageObject","inLanguage":"en-US","@id":"https:\/\/asb-latam.org\/en\/la-red-girdd-lac-se-presente-la-reunion-lima-gndr-america\/#primaryimage","url":"https:\/\/asb-latam.org\/wp-content\/uploads\/2016\/09\/RED-GIRDD-LAC-se-hace-presenta-en-la-reunion-de-Lima.jpg","contentUrl":"https:\/\/asb-latam.org\/wp-content\/uploads\/2016\/09\/RED-GIRDD-LAC-se-hace-presenta-en-la-reunion-de-Lima.jpg","width":"1920","height":"1080"},{"@type":"BreadcrumbList","@id":"https:\/\/asb-latam.org\/en\/la-red-girdd-lac-se-presente-la-reunion-lima-gndr-america\/#breadcrumb","itemListElement":[{"@type":"ListItem","position":1,"name":"Portada","item":"https:\/\/asb-latam.org\/"},{"@type":"ListItem","position":2,"name":"La Red GIRDD LAC se hace presente en la reuni\u00f3n de Lima de GNDR Am\u00e9rica"}]},{"@type":"WebSite","@id":"https:\/\/asb-latam.org\/#website","url":"https:\/\/asb-latam.org\/","name":"ASB Am\u00e9rica Latina","description":"Ayudamos aqu\u00ed y ahora","potentialAction":[{"@type":"SearchAction","target":{"@type":"EntryPoint","urlTemplate":"https:\/\/asb-latam.org\/?s={search_term_string}"},"query-input":{"@type":"PropertyValueSpecification","valueRequired":true,"valueName":"search_term_string"}}],"inLanguage":"en-US"},{"@type":"Person","@id":"https:\/\/asb-latam.org\/#\/schema\/person\/38f9fa7875be1067361477d056ec1670","name":"Olmedo Morales","image":{"@type":"ImageObject","inLanguage":"en-US","@id":"https:\/\/secure.gravatar.com\/avatar\/4aa165ff7f1d00dd1a86a95c1811131f59f71d6f33063152cd7facb1945185a9?s=96&d=mm&r=g","url":"https:\/\/secure.gravatar.com\/avatar\/4aa165ff7f1d00dd1a86a95c1811131f59f71d6f33063152cd7facb1945185a9?s=96&d=mm&r=g","contentUrl":"https:\/\/secure.gravatar.com\/avatar\/4aa165ff7f1d00dd1a86a95c1811131f59f71d6f33063152cd7facb1945185a9?s=96&d=mm&r=g","caption":"Olmedo Morales"},"url":"https:\/\/asb-latam.org\/en\/author\/sabine\/"}]}},"_links":{"self":[{"href":"https:\/\/asb-latam.org\/en\/wp-json\/wp\/v2\/posts\/133","targetHints":{"allow":["GET"]}}],"collection":[{"href":"https:\/\/asb-latam.org\/en\/wp-json\/wp\/v2\/posts"}],"about":[{"href":"https:\/\/asb-latam.org\/en\/wp-json\/wp\/v2\/types\/post"}],"author":[{"embeddable":true,"href":"https:\/\/asb-latam.org\/en\/wp-json\/wp\/v2\/users\/1"}],"replies":[{"embeddable":true,"href":"https:\/\/asb-latam.org\/en\/wp-json\/wp\/v2\/comments?post=133"}],"version-history":[{"count":5,"href":"https:\/\/asb-latam.org\/en\/wp-json\/wp\/v2\/posts\/133\/revisions"}],"predecessor-version":[{"id":1369,"href":"https:\/\/asb-latam.org\/en\/wp-json\/wp\/v2\/posts\/133\/revisions\/1369"}],"wp:featuredmedia":[{"embeddable":true,"href":"https:\/\/asb-latam.org\/en\/wp-json\/wp\/v2\/media\/1951"}],"wp:attachment":[{"href":"https:\/\/asb-latam.org\/en\/wp-json\/wp\/v2\/media?parent=133"}],"wp:term":[{"taxonomy":"category","embeddable":true,"href":"https:\/\/asb-latam.org\/en\/wp-json\/wp\/v2\/categories?post=133"},{"taxonomy":"post_tag","embeddable":true,"href":"https:\/\/asb-latam.org\/en\/wp-json\/wp\/v2\/tags?post=133"}],"curies":[{"name":"wp","href":"https:\/\/api.w.org\/{rel}","templated":true}]}}