{"id":2151,"date":"2017-06-14T09:13:55","date_gmt":"2017-06-14T15:13:55","guid":{"rendered":"https:\/\/migration.asb-latam.org\/?p=2151"},"modified":"2017-07-04T08:10:23","modified_gmt":"2017-07-04T14:10:23","slug":"fast-se-certifica-como-emt-tipo-uno-de-la-oms","status":"publish","type":"post","link":"https:\/\/asb-latam.org\/en\/fast-se-certifica-como-emt-tipo-uno-de-la-oms\/","title":{"rendered":"ASB\u2019s FAST team is WHO-certified"},"content":{"rendered":"<p>ASB's FAST team has successfully passed the strict WHO certification process, becoming the first European organization to obtain such certification.<\/p>\n<p>ASB's Emergency Medical Team (EMT) is composed of health professionals (medical and nursing staff, physical therapists, paramedics, etc.) who provide direct clinical care to populations affected by emergencies and disasters and support to local health systems.<\/p>\n<p>WHO \"Type I\" certification means that ASB EMTs meet the minimum principles and standards established by WHO for mobile or fixed ambulatory emergency care to provide initial ambulatory emergency care for injuries and other significant health care needs. Certified services are triage (selection and classification of patients), condition assessment, first aid, stabilization and transfer of patients with severe trauma and other non-trauma emergencies and finally definitive care of patients with minor trauma and other non-trauma emergencies. A Type 1 EMT must have at least 3 doctors, 9 health assistants and care for at least 50 patients per day.<\/p>\n<p>In order to provide this service, ASB's EMT has 120 health professionals trained to operate in emergencies and with the necessary equipment and supplies, such as tents, stretchers, medical supplies, water purification plants, etc.<\/p>\n<p>\"We have seen that the ASB EMT meets the high standards required and we congratulate them on this,\" said Dr Ian Norton, who is responsible for the WHO certification process, adding: \"Your experience is impressive and we hope you will bring it to the table in future joint work. Together with six other WHO officials, the expert has verified compliance with the processes and standards by the ASB EMT on 13-14 June 2017 in Frankfurt and Darmstadt, Germany.<\/p>\n<p>\"For us, the ASB, this WHO certification has a special significance as we are committed to high standards in emergency operations,\" said Mr. Ludwig Fr\u00f6hlich, ASB Federal Executive, \"We are pleased and very proud to be able to respond to emergencies in the future under the leadership of the WHO.<\/p>\n<p>&nbsp;<\/p>","protected":false},"excerpt":{"rendered":"<p>El equipo FAST de ASB ha superado el estricto proceso de certificaci\u00f3n de la OMS convirti\u00e9ndose de esta [&hellip;]<\/p>\n","protected":false},"author":1,"featured_media":2152,"comment_status":"open","ping_status":"open","sticky":false,"template":"","format":"standard","meta":{"_acf_changed":false,"footnotes":""},"categories":[30,1,23],"tags":[],"class_list":["post-2151","post","type-post","status-publish","format-standard","has-post-thumbnail","hentry","category-gestion-del-riesgo-de-desastres","category-sin-categoria","category-terremoto"],"acf":[],"yoast_head":"<!-- This site is optimized with the Yoast SEO plugin v27.2 - https:\/\/yoast.com\/product\/yoast-seo-wordpress\/ -->\n<title>ASB se convierte en la primera organizaci\u00f3n europea en recibir la certificaci\u00f3n de la Organizaci\u00f3n Mundial de la Salud (OMS)\u00a0para su equipo m\u00e9dico de emergencia. - ASB Am\u00e9rica Latina<\/title>\n<meta name=\"robots\" content=\"index, follow, max-snippet:-1, max-image-preview:large, max-video-preview:-1\" \/>\n<link rel=\"canonical\" href=\"https:\/\/asb-latam.org\/en\/fast-se-certifica-como-emt-tipo-uno-de-la-oms\/\" \/>\n<meta property=\"og:locale\" content=\"en_US\" \/>\n<meta property=\"og:type\" content=\"article\" \/>\n<meta property=\"og:title\" content=\"ASB se convierte en la primera organizaci\u00f3n europea en recibir la certificaci\u00f3n de la Organizaci\u00f3n Mundial de la Salud (OMS)\u00a0para su equipo m\u00e9dico de emergencia. - ASB Am\u00e9rica Latina\" \/>\n<meta property=\"og:description\" content=\"El equipo FAST de ASB ha superado el estricto proceso de certificaci\u00f3n de la OMS convirti\u00e9ndose de esta [&hellip;]\" \/>\n<meta property=\"og:url\" content=\"https:\/\/asb-latam.org\/en\/fast-se-certifica-como-emt-tipo-uno-de-la-oms\/\" \/>\n<meta property=\"og:site_name\" content=\"ASB Am\u00e9rica Latina\" \/>\n<meta property=\"article:published_time\" content=\"2017-06-14T15:13:55+00:00\" \/>\n<meta property=\"article:modified_time\" content=\"2017-07-04T14:10:23+00:00\" \/>\n<meta property=\"og:image\" content=\"https:\/\/migration.asb-latam.org\/wp-content\/uploads\/2017\/06\/19143285_10155130632051208_5786888678184766160_o.jpg\" \/>\n\t<meta property=\"og:image:width\" content=\"1742\" \/>\n\t<meta property=\"og:image:height\" content=\"1080\" \/>\n\t<meta property=\"og:image:type\" content=\"image\/jpeg\" \/>\n<meta name=\"author\" content=\"Olmedo Morales\" \/>\n<meta name=\"twitter:card\" content=\"summary_large_image\" \/>\n<meta name=\"twitter:label1\" content=\"Written by\" \/>\n\t<meta name=\"twitter:data1\" content=\"Olmedo Morales\" \/>\n\t<meta name=\"twitter:label2\" content=\"Est. reading time\" \/>\n\t<meta name=\"twitter:data2\" content=\"2 minutes\" \/>\n<script type=\"application\/ld+json\" class=\"yoast-schema-graph\">{\"@context\":\"https:\/\/schema.org\",\"@graph\":[{\"@type\":\"Article\",\"@id\":\"https:\/\/asb-latam.org\/fast-se-certifica-como-emt-tipo-uno-de-la-oms\/#article\",\"isPartOf\":{\"@id\":\"https:\/\/asb-latam.org\/fast-se-certifica-como-emt-tipo-uno-de-la-oms\/\"},\"author\":{\"name\":\"Olmedo Morales\",\"@id\":\"https:\/\/asb-latam.org\/#\/schema\/person\/38f9fa7875be1067361477d056ec1670\"},\"headline\":\"ASB se convierte en la primera organizaci\u00f3n europea en recibir la certificaci\u00f3n de la Organizaci\u00f3n Mundial de la Salud (OMS)\u00a0para su equipo m\u00e9dico de emergencia.\",\"datePublished\":\"2017-06-14T15:13:55+00:00\",\"dateModified\":\"2017-07-04T14:10:23+00:00\",\"mainEntityOfPage\":{\"@id\":\"https:\/\/asb-latam.org\/fast-se-certifica-como-emt-tipo-uno-de-la-oms\/\"},\"wordCount\":426,\"commentCount\":0,\"image\":{\"@id\":\"https:\/\/asb-latam.org\/fast-se-certifica-como-emt-tipo-uno-de-la-oms\/#primaryimage\"},\"thumbnailUrl\":\"https:\/\/asb-latam.org\/wp-content\/uploads\/2017\/06\/19143285_10155130632051208_5786888678184766160_o.jpg\",\"articleSection\":[\"Gestion del Riesgo de Desastres\",\"Sin categor\u00eda\",\"terremoto\"],\"inLanguage\":\"en-US\",\"potentialAction\":[{\"@type\":\"CommentAction\",\"name\":\"Comment\",\"target\":[\"https:\/\/asb-latam.org\/fast-se-certifica-como-emt-tipo-uno-de-la-oms\/#respond\"]}]},{\"@type\":\"WebPage\",\"@id\":\"https:\/\/asb-latam.org\/fast-se-certifica-como-emt-tipo-uno-de-la-oms\/\",\"url\":\"https:\/\/asb-latam.org\/fast-se-certifica-como-emt-tipo-uno-de-la-oms\/\",\"name\":\"ASB se convierte en la primera organizaci\u00f3n europea en recibir la certificaci\u00f3n de la Organizaci\u00f3n Mundial de la Salud (OMS)\u00a0para su equipo m\u00e9dico de emergencia. - ASB Am\u00e9rica Latina\",\"isPartOf\":{\"@id\":\"https:\/\/asb-latam.org\/#website\"},\"primaryImageOfPage\":{\"@id\":\"https:\/\/asb-latam.org\/fast-se-certifica-como-emt-tipo-uno-de-la-oms\/#primaryimage\"},\"image\":{\"@id\":\"https:\/\/asb-latam.org\/fast-se-certifica-como-emt-tipo-uno-de-la-oms\/#primaryimage\"},\"thumbnailUrl\":\"https:\/\/asb-latam.org\/wp-content\/uploads\/2017\/06\/19143285_10155130632051208_5786888678184766160_o.jpg\",\"datePublished\":\"2017-06-14T15:13:55+00:00\",\"dateModified\":\"2017-07-04T14:10:23+00:00\",\"author\":{\"@id\":\"https:\/\/asb-latam.org\/#\/schema\/person\/38f9fa7875be1067361477d056ec1670\"},\"breadcrumb\":{\"@id\":\"https:\/\/asb-latam.org\/fast-se-certifica-como-emt-tipo-uno-de-la-oms\/#breadcrumb\"},\"inLanguage\":\"en-US\",\"potentialAction\":[{\"@type\":\"ReadAction\",\"target\":[\"https:\/\/asb-latam.org\/fast-se-certifica-como-emt-tipo-uno-de-la-oms\/\"]}]},{\"@type\":\"ImageObject\",\"inLanguage\":\"en-US\",\"@id\":\"https:\/\/asb-latam.org\/fast-se-certifica-como-emt-tipo-uno-de-la-oms\/#primaryimage\",\"url\":\"https:\/\/asb-latam.org\/wp-content\/uploads\/2017\/06\/19143285_10155130632051208_5786888678184766160_o.jpg\",\"contentUrl\":\"https:\/\/asb-latam.org\/wp-content\/uploads\/2017\/06\/19143285_10155130632051208_5786888678184766160_o.jpg\",\"width\":1742,\"height\":1080},{\"@type\":\"BreadcrumbList\",\"@id\":\"https:\/\/asb-latam.org\/fast-se-certifica-como-emt-tipo-uno-de-la-oms\/#breadcrumb\",\"itemListElement\":[{\"@type\":\"ListItem\",\"position\":1,\"name\":\"Portada\",\"item\":\"https:\/\/asb-latam.org\/\"},{\"@type\":\"ListItem\",\"position\":2,\"name\":\"ASB se convierte en la primera organizaci\u00f3n europea en recibir la certificaci\u00f3n de la Organizaci\u00f3n Mundial de la Salud (OMS)\u00a0para su equipo m\u00e9dico de emergencia.\"}]},{\"@type\":\"WebSite\",\"@id\":\"https:\/\/asb-latam.org\/#website\",\"url\":\"https:\/\/asb-latam.org\/\",\"name\":\"ASB Am\u00e9rica Latina\",\"description\":\"Ayudamos aqu\u00ed y ahora\",\"potentialAction\":[{\"@type\":\"SearchAction\",\"target\":{\"@type\":\"EntryPoint\",\"urlTemplate\":\"https:\/\/asb-latam.org\/?s={search_term_string}\"},\"query-input\":{\"@type\":\"PropertyValueSpecification\",\"valueRequired\":true,\"valueName\":\"search_term_string\"}}],\"inLanguage\":\"en-US\"},{\"@type\":\"Person\",\"@id\":\"https:\/\/asb-latam.org\/#\/schema\/person\/38f9fa7875be1067361477d056ec1670\",\"name\":\"Olmedo Morales\",\"image\":{\"@type\":\"ImageObject\",\"inLanguage\":\"en-US\",\"@id\":\"https:\/\/secure.gravatar.com\/avatar\/4aa165ff7f1d00dd1a86a95c1811131f59f71d6f33063152cd7facb1945185a9?s=96&d=mm&r=g\",\"url\":\"https:\/\/secure.gravatar.com\/avatar\/4aa165ff7f1d00dd1a86a95c1811131f59f71d6f33063152cd7facb1945185a9?s=96&d=mm&r=g\",\"contentUrl\":\"https:\/\/secure.gravatar.com\/avatar\/4aa165ff7f1d00dd1a86a95c1811131f59f71d6f33063152cd7facb1945185a9?s=96&d=mm&r=g\",\"caption\":\"Olmedo Morales\"},\"url\":\"https:\/\/asb-latam.org\/en\/author\/sabine\/\"}]}<\/script>\n<!-- \/ Yoast SEO plugin. -->","yoast_head_json":{"title":"ASB se convierte en la primera organizaci\u00f3n europea en recibir la certificaci\u00f3n de la Organizaci\u00f3n Mundial de la Salud (OMS)\u00a0para su equipo m\u00e9dico de emergencia. - ASB Am\u00e9rica Latina","robots":{"index":"index","follow":"follow","max-snippet":"max-snippet:-1","max-image-preview":"max-image-preview:large","max-video-preview":"max-video-preview:-1"},"canonical":"https:\/\/asb-latam.org\/en\/fast-se-certifica-como-emt-tipo-uno-de-la-oms\/","og_locale":"en_US","og_type":"article","og_title":"ASB se convierte en la primera organizaci\u00f3n europea en recibir la certificaci\u00f3n de la Organizaci\u00f3n Mundial de la Salud (OMS)\u00a0para su equipo m\u00e9dico de emergencia. - ASB Am\u00e9rica Latina","og_description":"El equipo FAST de ASB ha superado el estricto proceso de certificaci\u00f3n de la OMS convirti\u00e9ndose de esta [&hellip;]","og_url":"https:\/\/asb-latam.org\/en\/fast-se-certifica-como-emt-tipo-uno-de-la-oms\/","og_site_name":"ASB Am\u00e9rica Latina","article_published_time":"2017-06-14T15:13:55+00:00","article_modified_time":"2017-07-04T14:10:23+00:00","og_image":[{"width":1742,"height":1080,"url":"https:\/\/migration.asb-latam.org\/wp-content\/uploads\/2017\/06\/19143285_10155130632051208_5786888678184766160_o.jpg","type":"image\/jpeg"}],"author":"Olmedo Morales","twitter_card":"summary_large_image","twitter_misc":{"Written by":"Olmedo Morales","Est. reading time":"2 minutes"},"schema":{"@context":"https:\/\/schema.org","@graph":[{"@type":"Article","@id":"https:\/\/asb-latam.org\/fast-se-certifica-como-emt-tipo-uno-de-la-oms\/#article","isPartOf":{"@id":"https:\/\/asb-latam.org\/fast-se-certifica-como-emt-tipo-uno-de-la-oms\/"},"author":{"name":"Olmedo Morales","@id":"https:\/\/asb-latam.org\/#\/schema\/person\/38f9fa7875be1067361477d056ec1670"},"headline":"ASB se convierte en la primera organizaci\u00f3n europea en recibir la certificaci\u00f3n de la Organizaci\u00f3n Mundial de la Salud (OMS)\u00a0para su equipo m\u00e9dico de emergencia.","datePublished":"2017-06-14T15:13:55+00:00","dateModified":"2017-07-04T14:10:23+00:00","mainEntityOfPage":{"@id":"https:\/\/asb-latam.org\/fast-se-certifica-como-emt-tipo-uno-de-la-oms\/"},"wordCount":426,"commentCount":0,"image":{"@id":"https:\/\/asb-latam.org\/fast-se-certifica-como-emt-tipo-uno-de-la-oms\/#primaryimage"},"thumbnailUrl":"https:\/\/asb-latam.org\/wp-content\/uploads\/2017\/06\/19143285_10155130632051208_5786888678184766160_o.jpg","articleSection":["Gestion del Riesgo de Desastres","Sin categor\u00eda","terremoto"],"inLanguage":"en-US","potentialAction":[{"@type":"CommentAction","name":"Comment","target":["https:\/\/asb-latam.org\/fast-se-certifica-como-emt-tipo-uno-de-la-oms\/#respond"]}]},{"@type":"WebPage","@id":"https:\/\/asb-latam.org\/fast-se-certifica-como-emt-tipo-uno-de-la-oms\/","url":"https:\/\/asb-latam.org\/fast-se-certifica-como-emt-tipo-uno-de-la-oms\/","name":"ASB se convierte en la primera organizaci\u00f3n europea en recibir la certificaci\u00f3n de la Organizaci\u00f3n Mundial de la Salud (OMS)\u00a0para su equipo m\u00e9dico de emergencia. - ASB Am\u00e9rica Latina","isPartOf":{"@id":"https:\/\/asb-latam.org\/#website"},"primaryImageOfPage":{"@id":"https:\/\/asb-latam.org\/fast-se-certifica-como-emt-tipo-uno-de-la-oms\/#primaryimage"},"image":{"@id":"https:\/\/asb-latam.org\/fast-se-certifica-como-emt-tipo-uno-de-la-oms\/#primaryimage"},"thumbnailUrl":"https:\/\/asb-latam.org\/wp-content\/uploads\/2017\/06\/19143285_10155130632051208_5786888678184766160_o.jpg","datePublished":"2017-06-14T15:13:55+00:00","dateModified":"2017-07-04T14:10:23+00:00","author":{"@id":"https:\/\/asb-latam.org\/#\/schema\/person\/38f9fa7875be1067361477d056ec1670"},"breadcrumb":{"@id":"https:\/\/asb-latam.org\/fast-se-certifica-como-emt-tipo-uno-de-la-oms\/#breadcrumb"},"inLanguage":"en-US","potentialAction":[{"@type":"ReadAction","target":["https:\/\/asb-latam.org\/fast-se-certifica-como-emt-tipo-uno-de-la-oms\/"]}]},{"@type":"ImageObject","inLanguage":"en-US","@id":"https:\/\/asb-latam.org\/fast-se-certifica-como-emt-tipo-uno-de-la-oms\/#primaryimage","url":"https:\/\/asb-latam.org\/wp-content\/uploads\/2017\/06\/19143285_10155130632051208_5786888678184766160_o.jpg","contentUrl":"https:\/\/asb-latam.org\/wp-content\/uploads\/2017\/06\/19143285_10155130632051208_5786888678184766160_o.jpg","width":1742,"height":1080},{"@type":"BreadcrumbList","@id":"https:\/\/asb-latam.org\/fast-se-certifica-como-emt-tipo-uno-de-la-oms\/#breadcrumb","itemListElement":[{"@type":"ListItem","position":1,"name":"Portada","item":"https:\/\/asb-latam.org\/"},{"@type":"ListItem","position":2,"name":"ASB se convierte en la primera organizaci\u00f3n europea en recibir la certificaci\u00f3n de la Organizaci\u00f3n Mundial de la Salud (OMS)\u00a0para su equipo m\u00e9dico de emergencia."}]},{"@type":"WebSite","@id":"https:\/\/asb-latam.org\/#website","url":"https:\/\/asb-latam.org\/","name":"ASB Am\u00e9rica Latina","description":"Ayudamos aqu\u00ed y ahora","potentialAction":[{"@type":"SearchAction","target":{"@type":"EntryPoint","urlTemplate":"https:\/\/asb-latam.org\/?s={search_term_string}"},"query-input":{"@type":"PropertyValueSpecification","valueRequired":true,"valueName":"search_term_string"}}],"inLanguage":"en-US"},{"@type":"Person","@id":"https:\/\/asb-latam.org\/#\/schema\/person\/38f9fa7875be1067361477d056ec1670","name":"Olmedo Morales","image":{"@type":"ImageObject","inLanguage":"en-US","@id":"https:\/\/secure.gravatar.com\/avatar\/4aa165ff7f1d00dd1a86a95c1811131f59f71d6f33063152cd7facb1945185a9?s=96&d=mm&r=g","url":"https:\/\/secure.gravatar.com\/avatar\/4aa165ff7f1d00dd1a86a95c1811131f59f71d6f33063152cd7facb1945185a9?s=96&d=mm&r=g","contentUrl":"https:\/\/secure.gravatar.com\/avatar\/4aa165ff7f1d00dd1a86a95c1811131f59f71d6f33063152cd7facb1945185a9?s=96&d=mm&r=g","caption":"Olmedo Morales"},"url":"https:\/\/asb-latam.org\/en\/author\/sabine\/"}]}},"_links":{"self":[{"href":"https:\/\/asb-latam.org\/en\/wp-json\/wp\/v2\/posts\/2151","targetHints":{"allow":["GET"]}}],"collection":[{"href":"https:\/\/asb-latam.org\/en\/wp-json\/wp\/v2\/posts"}],"about":[{"href":"https:\/\/asb-latam.org\/en\/wp-json\/wp\/v2\/types\/post"}],"author":[{"embeddable":true,"href":"https:\/\/asb-latam.org\/en\/wp-json\/wp\/v2\/users\/1"}],"replies":[{"embeddable":true,"href":"https:\/\/asb-latam.org\/en\/wp-json\/wp\/v2\/comments?post=2151"}],"version-history":[{"count":11,"href":"https:\/\/asb-latam.org\/en\/wp-json\/wp\/v2\/posts\/2151\/revisions"}],"predecessor-version":[{"id":2197,"href":"https:\/\/asb-latam.org\/en\/wp-json\/wp\/v2\/posts\/2151\/revisions\/2197"}],"wp:featuredmedia":[{"embeddable":true,"href":"https:\/\/asb-latam.org\/en\/wp-json\/wp\/v2\/media\/2152"}],"wp:attachment":[{"href":"https:\/\/asb-latam.org\/en\/wp-json\/wp\/v2\/media?parent=2151"}],"wp:term":[{"taxonomy":"category","embeddable":true,"href":"https:\/\/asb-latam.org\/en\/wp-json\/wp\/v2\/categories?post=2151"},{"taxonomy":"post_tag","embeddable":true,"href":"https:\/\/asb-latam.org\/en\/wp-json\/wp\/v2\/tags?post=2151"}],"curies":[{"name":"wp","href":"https:\/\/api.w.org\/{rel}","templated":true}]}}