{"id":2189,"date":"2017-07-04T15:02:39","date_gmt":"2017-07-04T21:02:39","guid":{"rendered":"https:\/\/migration.asb-latam.org\/?p=2189"},"modified":"2017-07-06T11:41:38","modified_gmt":"2017-07-06T17:41:38","slug":"abierta-la-convocatoria-taller-artes-escenicas-inclusivas","status":"publish","type":"post","link":"https:\/\/asb-latam.org\/en\/abierta-la-convocatoria-taller-artes-escenicas-inclusivas\/","title":{"rendered":"Call for workshop on inclusive performing arts and disaster risk reduction opened"},"content":{"rendered":"<p>Within the framework of the project <a href=\"https:\/\/asb-latam.org\/en\/proyectos\/inclusion-personas-discapacidad-adultos-mayores-la-gestion-riesgos-ante-desastres\/\"><strong>\"Inclusion of People with Disabilities and Older Adults in Disaster Risk Reduction in Central America\"<\/strong><\/a> with the financial support of the Government of the Federal Republic of Germany and organized by the Cultural Centre of Spain (CCEN), the Federation of Associations of People with Disabilities (FECONORI) and the Arbeiter-Samariter-Bund (ASB), the call for the workshop on inclusive performing arts and disaster risk management is launched.<\/p>\n<p>The workshop aims to promote the capacities of people with disabilities and older adults, as well as their opportunities, both spiritual and creative as well as material, to contribute to improving their quality of life through the recognition of cultural rights and to strengthen sensitivity to issues related to inclusion in disaster risk management.<\/p>\n<p>We will work in the modality of practical workshop, a training that will consist of physical, vocal and expressive exercises, as well as technical exercises for the development of creative proposals focused on staging.<\/p>\n<p>The call is open to professional actresses and actors with and without disabilities, students of performing arts with and without disabilities, directors of theatre\/dance groups, teachers of performing arts and professionals of social and educational mediation in Nicaragua.<\/p>\n<p>The workshop will be given by Professor Monica Ocampo and will be held on July 12, 13, 14, 17 and 18, 2017, from 9:00 am - 5:00 pm at the Centro Cultural de Espa\u00f1a en Nicaragua (CCEN), located at the first entrance to Las Colinas, 7 blocks up. Managua, Nicaragua.<\/p>\n<p><strong>To Apply visit the following link: <\/strong><a href=\"https:\/\/bit.ly\/2tTla79\">https:\/\/bit.ly\/2tTla79<\/a><br \/>\n<strong>Fecha L\u00edmite de la Aplicaci\u00f3n:<\/strong>\u00a0Application Deadline:<\/p>\n<p><strong>About the professor<\/strong><\/p>\n<figure id=\"attachment_2193\" aria-describedby=\"caption-attachment-2193\" style=\"width: 161px\" class=\"wp-caption alignleft\"><img loading=\"lazy\" decoding=\"async\" class=\"wp-image-2193\" src=\"https:\/\/asb-latam.org\/wp-content\/uploads\/2017\/07\/Sin-t\u00edtulo-1.jpg\" alt=\"\" width=\"161\" height=\"161\" srcset=\"https:\/\/asb-latam.org\/wp-content\/uploads\/2017\/07\/Sin-t\u00edtulo-1.jpg 800w, https:\/\/asb-latam.org\/wp-content\/uploads\/2017\/07\/Sin-t\u00edtulo-1-150x150.jpg 150w, https:\/\/asb-latam.org\/wp-content\/uploads\/2017\/07\/Sin-t\u00edtulo-1-300x300.jpg 300w, https:\/\/asb-latam.org\/wp-content\/uploads\/2017\/07\/Sin-t\u00edtulo-1-768x768.jpg 768w, https:\/\/asb-latam.org\/wp-content\/uploads\/2017\/07\/Sin-t\u00edtulo-1-600x600.jpg 600w, https:\/\/asb-latam.org\/wp-content\/uploads\/2017\/07\/Sin-t\u00edtulo-1-431x431.jpg 431w, https:\/\/asb-latam.org\/wp-content\/uploads\/2017\/07\/Sin-t\u00edtulo-1-202x202.jpg 202w, https:\/\/asb-latam.org\/wp-content\/uploads\/2017\/07\/Sin-t\u00edtulo-1-70x70.jpg 70w\" sizes=\"auto, (max-width: 161px) 100vw, 161px\" \/><figcaption id=\"caption-attachment-2193\" class=\"wp-caption-text\">Photo: Diario Hoy, Nic.<\/figcaption><\/figure>\n<p>Bachelor of Arts in Drama and Professor of Arts with a focus on Theatre at the National University of Cuyo in Mendoza, Argentina. She currently works independently with Quiebraplata and Oscurana Teatro, gives seminars on research and stage creation in surrealist poetics, directs one of the casts of the Professional Theatre Company of the Rub\u00e9n Dar\u00edo National Theatre and teaches art and theatre at the Nordic International School.<\/p>","protected":false},"excerpt":{"rendered":"<p>En el marco del proyecto \u201cInclusi\u00f3n de Personas con Discapacidad\u00a0 y Adultos mayores en la Gesti\u00f3n del Riesgo [&hellip;]<\/p>\n","protected":false},"author":1,"featured_media":2215,"comment_status":"open","ping_status":"open","sticky":false,"template":"","format":"standard","meta":{"_acf_changed":false,"footnotes":""},"categories":[29,30,32,28,1],"tags":[31,11],"class_list":["post-2189","post","type-post","status-publish","format-standard","has-post-thumbnail","hentry","category-discapacidad","category-gestion-del-riesgo-de-desastres","category-gestion-inclusiva-del-riesgo","category-lenguaje-de-senas","category-sin-categoria","tag-gestion-inclusiva-del-riesgo","tag-taller"],"acf":[],"yoast_head":"<!-- This site is optimized with the Yoast SEO plugin v27.2 - https:\/\/yoast.com\/product\/yoast-seo-wordpress\/ -->\n<title>Abierta la convocatoria para el taller de artes esc\u00e9nicas inclusivas y gesti\u00f3n de riesgos ante desastres - ASB Am\u00e9rica Latina<\/title>\n<meta name=\"robots\" content=\"index, follow, max-snippet:-1, max-image-preview:large, max-video-preview:-1\" \/>\n<link rel=\"canonical\" href=\"https:\/\/asb-latam.org\/en\/abierta-la-convocatoria-taller-artes-escenicas-inclusivas\/\" \/>\n<meta property=\"og:locale\" content=\"en_US\" \/>\n<meta property=\"og:type\" content=\"article\" \/>\n<meta property=\"og:title\" content=\"Abierta la convocatoria para el taller de artes esc\u00e9nicas inclusivas y gesti\u00f3n de riesgos ante desastres - ASB Am\u00e9rica Latina\" \/>\n<meta property=\"og:description\" content=\"En el marco del proyecto \u201cInclusi\u00f3n de Personas con Discapacidad\u00a0 y Adultos mayores en la Gesti\u00f3n del Riesgo [&hellip;]\" \/>\n<meta property=\"og:url\" content=\"https:\/\/asb-latam.org\/en\/abierta-la-convocatoria-taller-artes-escenicas-inclusivas\/\" \/>\n<meta property=\"og:site_name\" content=\"ASB Am\u00e9rica Latina\" \/>\n<meta property=\"article:published_time\" content=\"2017-07-04T21:02:39+00:00\" \/>\n<meta property=\"article:modified_time\" content=\"2017-07-06T17:41:38+00:00\" \/>\n<meta property=\"og:image\" content=\"https:\/\/migration.asb-latam.org\/wp-content\/uploads\/2017\/07\/Sin-t\u00edtulo-2.jpg\" \/>\n\t<meta property=\"og:image:width\" content=\"1920\" \/>\n\t<meta property=\"og:image:height\" content=\"1080\" \/>\n\t<meta property=\"og:image:type\" content=\"image\/jpeg\" \/>\n<meta name=\"author\" content=\"Olmedo Morales\" \/>\n<meta name=\"twitter:card\" content=\"summary_large_image\" \/>\n<meta name=\"twitter:label1\" content=\"Written by\" \/>\n\t<meta name=\"twitter:data1\" content=\"Olmedo Morales\" \/>\n\t<meta name=\"twitter:label2\" content=\"Est. reading time\" \/>\n\t<meta name=\"twitter:data2\" content=\"2 minutes\" \/>\n<script type=\"application\/ld+json\" class=\"yoast-schema-graph\">{\"@context\":\"https:\/\/schema.org\",\"@graph\":[{\"@type\":\"Article\",\"@id\":\"https:\/\/asb-latam.org\/en\/abierta-la-convocatoria-taller-artes-escenicas-inclusivas\/#article\",\"isPartOf\":{\"@id\":\"https:\/\/asb-latam.org\/en\/abierta-la-convocatoria-taller-artes-escenicas-inclusivas\/\"},\"author\":{\"name\":\"Olmedo Morales\",\"@id\":\"https:\/\/asb-latam.org\/#\/schema\/person\/38f9fa7875be1067361477d056ec1670\"},\"headline\":\"Abierta la convocatoria para el taller de artes esc\u00e9nicas inclusivas y gesti\u00f3n de riesgos ante desastres\",\"datePublished\":\"2017-07-04T21:02:39+00:00\",\"dateModified\":\"2017-07-06T17:41:38+00:00\",\"mainEntityOfPage\":{\"@id\":\"https:\/\/asb-latam.org\/en\/abierta-la-convocatoria-taller-artes-escenicas-inclusivas\/\"},\"wordCount\":403,\"commentCount\":0,\"image\":{\"@id\":\"https:\/\/asb-latam.org\/en\/abierta-la-convocatoria-taller-artes-escenicas-inclusivas\/#primaryimage\"},\"thumbnailUrl\":\"https:\/\/asb-latam.org\/wp-content\/uploads\/2017\/07\/Sin-t\u00edtulo-2.jpg\",\"keywords\":[\"Gesti\u00f3n inclusiva del riesgo\",\"Taller\"],\"articleSection\":[\"Discapacidad\",\"Gestion del Riesgo de Desastres\",\"Gesti\u00f3n inclusiva del riesgo\",\"Lenguaje de se\u00f1as\",\"Sin categor\u00eda\"],\"inLanguage\":\"en-US\",\"potentialAction\":[{\"@type\":\"CommentAction\",\"name\":\"Comment\",\"target\":[\"https:\/\/asb-latam.org\/en\/abierta-la-convocatoria-taller-artes-escenicas-inclusivas\/#respond\"]}]},{\"@type\":\"WebPage\",\"@id\":\"https:\/\/asb-latam.org\/en\/abierta-la-convocatoria-taller-artes-escenicas-inclusivas\/\",\"url\":\"https:\/\/asb-latam.org\/en\/abierta-la-convocatoria-taller-artes-escenicas-inclusivas\/\",\"name\":\"Abierta la convocatoria para el taller de artes esc\u00e9nicas inclusivas y gesti\u00f3n de riesgos ante desastres - ASB Am\u00e9rica Latina\",\"isPartOf\":{\"@id\":\"https:\/\/asb-latam.org\/#website\"},\"primaryImageOfPage\":{\"@id\":\"https:\/\/asb-latam.org\/en\/abierta-la-convocatoria-taller-artes-escenicas-inclusivas\/#primaryimage\"},\"image\":{\"@id\":\"https:\/\/asb-latam.org\/en\/abierta-la-convocatoria-taller-artes-escenicas-inclusivas\/#primaryimage\"},\"thumbnailUrl\":\"https:\/\/asb-latam.org\/wp-content\/uploads\/2017\/07\/Sin-t\u00edtulo-2.jpg\",\"datePublished\":\"2017-07-04T21:02:39+00:00\",\"dateModified\":\"2017-07-06T17:41:38+00:00\",\"author\":{\"@id\":\"https:\/\/asb-latam.org\/#\/schema\/person\/38f9fa7875be1067361477d056ec1670\"},\"breadcrumb\":{\"@id\":\"https:\/\/asb-latam.org\/en\/abierta-la-convocatoria-taller-artes-escenicas-inclusivas\/#breadcrumb\"},\"inLanguage\":\"en-US\",\"potentialAction\":[{\"@type\":\"ReadAction\",\"target\":[\"https:\/\/asb-latam.org\/en\/abierta-la-convocatoria-taller-artes-escenicas-inclusivas\/\"]}]},{\"@type\":\"ImageObject\",\"inLanguage\":\"en-US\",\"@id\":\"https:\/\/asb-latam.org\/en\/abierta-la-convocatoria-taller-artes-escenicas-inclusivas\/#primaryimage\",\"url\":\"https:\/\/asb-latam.org\/wp-content\/uploads\/2017\/07\/Sin-t\u00edtulo-2.jpg\",\"contentUrl\":\"https:\/\/asb-latam.org\/wp-content\/uploads\/2017\/07\/Sin-t\u00edtulo-2.jpg\",\"width\":\"1920\",\"height\":\"1080\"},{\"@type\":\"BreadcrumbList\",\"@id\":\"https:\/\/asb-latam.org\/en\/abierta-la-convocatoria-taller-artes-escenicas-inclusivas\/#breadcrumb\",\"itemListElement\":[{\"@type\":\"ListItem\",\"position\":1,\"name\":\"Portada\",\"item\":\"https:\/\/asb-latam.org\/\"},{\"@type\":\"ListItem\",\"position\":2,\"name\":\"Abierta la convocatoria para el taller de artes esc\u00e9nicas inclusivas y gesti\u00f3n de riesgos ante desastres\"}]},{\"@type\":\"WebSite\",\"@id\":\"https:\/\/asb-latam.org\/#website\",\"url\":\"https:\/\/asb-latam.org\/\",\"name\":\"ASB Am\u00e9rica Latina\",\"description\":\"Ayudamos aqu\u00ed y ahora\",\"potentialAction\":[{\"@type\":\"SearchAction\",\"target\":{\"@type\":\"EntryPoint\",\"urlTemplate\":\"https:\/\/asb-latam.org\/?s={search_term_string}\"},\"query-input\":{\"@type\":\"PropertyValueSpecification\",\"valueRequired\":true,\"valueName\":\"search_term_string\"}}],\"inLanguage\":\"en-US\"},{\"@type\":\"Person\",\"@id\":\"https:\/\/asb-latam.org\/#\/schema\/person\/38f9fa7875be1067361477d056ec1670\",\"name\":\"Olmedo Morales\",\"image\":{\"@type\":\"ImageObject\",\"inLanguage\":\"en-US\",\"@id\":\"https:\/\/secure.gravatar.com\/avatar\/4aa165ff7f1d00dd1a86a95c1811131f59f71d6f33063152cd7facb1945185a9?s=96&d=mm&r=g\",\"url\":\"https:\/\/secure.gravatar.com\/avatar\/4aa165ff7f1d00dd1a86a95c1811131f59f71d6f33063152cd7facb1945185a9?s=96&d=mm&r=g\",\"contentUrl\":\"https:\/\/secure.gravatar.com\/avatar\/4aa165ff7f1d00dd1a86a95c1811131f59f71d6f33063152cd7facb1945185a9?s=96&d=mm&r=g\",\"caption\":\"Olmedo Morales\"},\"url\":\"https:\/\/asb-latam.org\/en\/author\/sabine\/\"}]}<\/script>\n<!-- \/ Yoast SEO plugin. -->","yoast_head_json":{"title":"Abierta la convocatoria para el taller de artes esc\u00e9nicas inclusivas y gesti\u00f3n de riesgos ante desastres - ASB Am\u00e9rica Latina","robots":{"index":"index","follow":"follow","max-snippet":"max-snippet:-1","max-image-preview":"max-image-preview:large","max-video-preview":"max-video-preview:-1"},"canonical":"https:\/\/asb-latam.org\/en\/abierta-la-convocatoria-taller-artes-escenicas-inclusivas\/","og_locale":"en_US","og_type":"article","og_title":"Abierta la convocatoria para el taller de artes esc\u00e9nicas inclusivas y gesti\u00f3n de riesgos ante desastres - ASB Am\u00e9rica Latina","og_description":"En el marco del proyecto \u201cInclusi\u00f3n de Personas con Discapacidad\u00a0 y Adultos mayores en la Gesti\u00f3n del Riesgo [&hellip;]","og_url":"https:\/\/asb-latam.org\/en\/abierta-la-convocatoria-taller-artes-escenicas-inclusivas\/","og_site_name":"ASB Am\u00e9rica Latina","article_published_time":"2017-07-04T21:02:39+00:00","article_modified_time":"2017-07-06T17:41:38+00:00","og_image":[{"width":1920,"height":1080,"url":"https:\/\/migration.asb-latam.org\/wp-content\/uploads\/2017\/07\/Sin-t\u00edtulo-2.jpg","type":"image\/jpeg"}],"author":"Olmedo Morales","twitter_card":"summary_large_image","twitter_misc":{"Written by":"Olmedo Morales","Est. reading time":"2 minutes"},"schema":{"@context":"https:\/\/schema.org","@graph":[{"@type":"Article","@id":"https:\/\/asb-latam.org\/en\/abierta-la-convocatoria-taller-artes-escenicas-inclusivas\/#article","isPartOf":{"@id":"https:\/\/asb-latam.org\/en\/abierta-la-convocatoria-taller-artes-escenicas-inclusivas\/"},"author":{"name":"Olmedo Morales","@id":"https:\/\/asb-latam.org\/#\/schema\/person\/38f9fa7875be1067361477d056ec1670"},"headline":"Abierta la convocatoria para el taller de artes esc\u00e9nicas inclusivas y gesti\u00f3n de riesgos ante desastres","datePublished":"2017-07-04T21:02:39+00:00","dateModified":"2017-07-06T17:41:38+00:00","mainEntityOfPage":{"@id":"https:\/\/asb-latam.org\/en\/abierta-la-convocatoria-taller-artes-escenicas-inclusivas\/"},"wordCount":403,"commentCount":0,"image":{"@id":"https:\/\/asb-latam.org\/en\/abierta-la-convocatoria-taller-artes-escenicas-inclusivas\/#primaryimage"},"thumbnailUrl":"https:\/\/asb-latam.org\/wp-content\/uploads\/2017\/07\/Sin-t\u00edtulo-2.jpg","keywords":["Gesti\u00f3n inclusiva del riesgo","Taller"],"articleSection":["Discapacidad","Gestion del Riesgo de Desastres","Gesti\u00f3n inclusiva del riesgo","Lenguaje de se\u00f1as","Sin categor\u00eda"],"inLanguage":"en-US","potentialAction":[{"@type":"CommentAction","name":"Comment","target":["https:\/\/asb-latam.org\/en\/abierta-la-convocatoria-taller-artes-escenicas-inclusivas\/#respond"]}]},{"@type":"WebPage","@id":"https:\/\/asb-latam.org\/en\/abierta-la-convocatoria-taller-artes-escenicas-inclusivas\/","url":"https:\/\/asb-latam.org\/en\/abierta-la-convocatoria-taller-artes-escenicas-inclusivas\/","name":"Abierta la convocatoria para el taller de artes esc\u00e9nicas inclusivas y gesti\u00f3n de riesgos ante desastres - ASB Am\u00e9rica Latina","isPartOf":{"@id":"https:\/\/asb-latam.org\/#website"},"primaryImageOfPage":{"@id":"https:\/\/asb-latam.org\/en\/abierta-la-convocatoria-taller-artes-escenicas-inclusivas\/#primaryimage"},"image":{"@id":"https:\/\/asb-latam.org\/en\/abierta-la-convocatoria-taller-artes-escenicas-inclusivas\/#primaryimage"},"thumbnailUrl":"https:\/\/asb-latam.org\/wp-content\/uploads\/2017\/07\/Sin-t\u00edtulo-2.jpg","datePublished":"2017-07-04T21:02:39+00:00","dateModified":"2017-07-06T17:41:38+00:00","author":{"@id":"https:\/\/asb-latam.org\/#\/schema\/person\/38f9fa7875be1067361477d056ec1670"},"breadcrumb":{"@id":"https:\/\/asb-latam.org\/en\/abierta-la-convocatoria-taller-artes-escenicas-inclusivas\/#breadcrumb"},"inLanguage":"en-US","potentialAction":[{"@type":"ReadAction","target":["https:\/\/asb-latam.org\/en\/abierta-la-convocatoria-taller-artes-escenicas-inclusivas\/"]}]},{"@type":"ImageObject","inLanguage":"en-US","@id":"https:\/\/asb-latam.org\/en\/abierta-la-convocatoria-taller-artes-escenicas-inclusivas\/#primaryimage","url":"https:\/\/asb-latam.org\/wp-content\/uploads\/2017\/07\/Sin-t\u00edtulo-2.jpg","contentUrl":"https:\/\/asb-latam.org\/wp-content\/uploads\/2017\/07\/Sin-t\u00edtulo-2.jpg","width":"1920","height":"1080"},{"@type":"BreadcrumbList","@id":"https:\/\/asb-latam.org\/en\/abierta-la-convocatoria-taller-artes-escenicas-inclusivas\/#breadcrumb","itemListElement":[{"@type":"ListItem","position":1,"name":"Portada","item":"https:\/\/asb-latam.org\/"},{"@type":"ListItem","position":2,"name":"Abierta la convocatoria para el taller de artes esc\u00e9nicas inclusivas y gesti\u00f3n de riesgos ante desastres"}]},{"@type":"WebSite","@id":"https:\/\/asb-latam.org\/#website","url":"https:\/\/asb-latam.org\/","name":"ASB Am\u00e9rica Latina","description":"Ayudamos aqu\u00ed y ahora","potentialAction":[{"@type":"SearchAction","target":{"@type":"EntryPoint","urlTemplate":"https:\/\/asb-latam.org\/?s={search_term_string}"},"query-input":{"@type":"PropertyValueSpecification","valueRequired":true,"valueName":"search_term_string"}}],"inLanguage":"en-US"},{"@type":"Person","@id":"https:\/\/asb-latam.org\/#\/schema\/person\/38f9fa7875be1067361477d056ec1670","name":"Olmedo Morales","image":{"@type":"ImageObject","inLanguage":"en-US","@id":"https:\/\/secure.gravatar.com\/avatar\/4aa165ff7f1d00dd1a86a95c1811131f59f71d6f33063152cd7facb1945185a9?s=96&d=mm&r=g","url":"https:\/\/secure.gravatar.com\/avatar\/4aa165ff7f1d00dd1a86a95c1811131f59f71d6f33063152cd7facb1945185a9?s=96&d=mm&r=g","contentUrl":"https:\/\/secure.gravatar.com\/avatar\/4aa165ff7f1d00dd1a86a95c1811131f59f71d6f33063152cd7facb1945185a9?s=96&d=mm&r=g","caption":"Olmedo Morales"},"url":"https:\/\/asb-latam.org\/en\/author\/sabine\/"}]}},"_links":{"self":[{"href":"https:\/\/asb-latam.org\/en\/wp-json\/wp\/v2\/posts\/2189","targetHints":{"allow":["GET"]}}],"collection":[{"href":"https:\/\/asb-latam.org\/en\/wp-json\/wp\/v2\/posts"}],"about":[{"href":"https:\/\/asb-latam.org\/en\/wp-json\/wp\/v2\/types\/post"}],"author":[{"embeddable":true,"href":"https:\/\/asb-latam.org\/en\/wp-json\/wp\/v2\/users\/1"}],"replies":[{"embeddable":true,"href":"https:\/\/asb-latam.org\/en\/wp-json\/wp\/v2\/comments?post=2189"}],"version-history":[{"count":5,"href":"https:\/\/asb-latam.org\/en\/wp-json\/wp\/v2\/posts\/2189\/revisions"}],"predecessor-version":[{"id":2201,"href":"https:\/\/asb-latam.org\/en\/wp-json\/wp\/v2\/posts\/2189\/revisions\/2201"}],"wp:featuredmedia":[{"embeddable":true,"href":"https:\/\/asb-latam.org\/en\/wp-json\/wp\/v2\/media\/2215"}],"wp:attachment":[{"href":"https:\/\/asb-latam.org\/en\/wp-json\/wp\/v2\/media?parent=2189"}],"wp:term":[{"taxonomy":"category","embeddable":true,"href":"https:\/\/asb-latam.org\/en\/wp-json\/wp\/v2\/categories?post=2189"},{"taxonomy":"post_tag","embeddable":true,"href":"https:\/\/asb-latam.org\/en\/wp-json\/wp\/v2\/tags?post=2189"}],"curies":[{"name":"wp","href":"https:\/\/api.w.org\/{rel}","templated":true}]}}