{"id":2523,"date":"2018-02-07T12:00:12","date_gmt":"2018-02-07T18:00:12","guid":{"rendered":"https:\/\/migration.asb-latam.org\/?p=2523"},"modified":"2020-02-18T17:47:26","modified_gmt":"2020-02-18T23:47:26","slug":"materiales-descargables-gestion-inclusiva-del-riesgo-desastres","status":"publish","type":"post","link":"https:\/\/asb-latam.org\/en\/materiales-descargables-gestion-inclusiva-del-riesgo-desastres\/","title":{"rendered":"Materials for download on Inclusive Disaster Risk Reduction"},"content":{"rendered":"<p>The Central American project \"Inclusion of people with disabilities and older adults in disaster risk management in Central America\" (2016-2019), with the financial support of the Ministry of Economic Cooperation and Development (BMZ) of the Government of the Federal Republic of Germany, has actions in Guatemala, El Salvador, Honduras and Nicaragua, and is being promoted by Arbeiter-Samariter-Bund (ASB) of Germany, the Nicaraguan Federation of Association of People with Disabilities in Nicaragua (FECONORI), a member of RIADIS (Latin American Network of Non-Governmental Organizations of People with Disabilities and their Families), and the Association \"Fundaci\u00f3n para la Cooperaci\u00f3n y el Desarrollo Comunal de El Salvador\" (CORDES), a member of HelpAge, together with its partners in the other Central American countries mentioned.<\/p>\n<p>Sometimes it is stated that working with people with disabilities and older adults is difficult and requires experts.  However, we have many \"experts\" in the organizations of people with disabilities and older adults in our countries and municipalities. But the project also aimed to answer the question of how to be more inclusive in the field of risk reduction and humanitarian action. And he wanted to leave useful tools in Spanish so that from different areas the inclusion of these groups in disaster risk management is promoted.<\/p>\n<p>Hence, in the framework of this project, various materials have been generated that can be used by different actors:<\/p>\n<ul>\n<li>Normas m\u00ednimas (principalmente para actores de gesti\u00f3n del riesgo y acci\u00f3n humanitaria):\u00a0<a href=\"https:\/\/bit.ly\/2HU2sr2\">https:\/\/bit.ly\/2HU2sr2<\/a><\/li>\n<li>Gu\u00eda comunitaria (principalmente para promotores comunitarios de gesti\u00f3n del riesgo y para organizaciones de personas con discapacidad y adultas mayores):\u00a0<a href=\"https:\/\/bit.ly\/2y26XqK\">https:\/\/bit.ly\/2y26XqK<\/a><\/li>\n<li>Presentaciones para poner en pr\u00e1ctica en capacitaciones de la gu\u00eda comunitaria:<\/li>\n<li>Libro de Primaria (para profesores\/as):\u00a0<a href=\"https:\/\/bit.ly\/2kuZWvS\">https:\/\/bit.ly\/2kuZWvS<\/a><\/li>\n<li>Libro de Secundaria (para profesores\/as):\u00a0<a href=\"https:\/\/bit.ly\/2xpKcLR\">https:\/\/bit.ly\/2xpKcLR\u00a0<\/a><\/li>\n<li>Tips para transversalizar la inclusi\u00f3n de personas con discapacidad en proyectos de RRD (para t\u00e9cnicos\/as de proyectos):<\/li>\n<li>Video sobre evacuaci\u00f3n inclusiva:\u00a0<a href=\"https:\/\/bit.ly\/2yHwzx5\">https:\/\/bit.ly\/2yHwzx5<\/a><\/li>\n<li>Video sobre sistemas de alerta inclusivos:\u00a0<a href=\"https:\/\/bit.ly\/2zrY78x\">https:\/\/bit.ly\/2zrY78x<\/a><\/li>\n<li>Check list para planes inclusivos de gesti\u00f3n del riesgo:\u00a0https:\/\/bit.ly\/2Ss3MFL<\/li>\n<li>Poster principal de la campa\u00f1a \u201cLa inclusi\u00f3n salva vidas\u201d:\u00a0https:\/\/bit.ly\/2GnNIOR<\/li>\n<li>Dibujos con diferencias entre albergues temporales inclusivos y aquellos que no lo son:\u00a0<a href=\"https:\/\/bit.ly\/2GnNIOR\">https:\/\/bit.ly\/2GnNIOR<\/a><\/li>\n<li>Tr\u00edptico de divulgaci\u00f3n del proyecto:\u00a0<a href=\"https:\/\/bit.ly\/2Gc46Tj\">https:\/\/bit.ly\/2Gc46Tj<\/a>,\u00a0https:\/\/bit.ly\/2Gc46Tj<\/li>\n<li>Otros afiches y materiales de comunicaci\u00f3n del proyecto: ver en\u00a0<a href=\"https:\/\/www.facebook.com\/lainclusionsalvavidas\/\">https:\/\/www.facebook.com\/lainclusionsalvavidas\/<\/a><\/li>\n<\/ul>","protected":false},"excerpt":{"rendered":"<p>El proyecto centroamericano \u201cInclusi\u00f3n de personas con discapacidad y adultos mayores en la gesti\u00f3n del riesgo de desastres [&hellip;]<\/p>\n","protected":false},"author":1,"featured_media":2526,"comment_status":"open","ping_status":"open","sticky":false,"template":"","format":"standard","meta":{"_acf_changed":false,"footnotes":""},"categories":[29,30,32],"tags":[],"class_list":["post-2523","post","type-post","status-publish","format-standard","has-post-thumbnail","hentry","category-discapacidad","category-gestion-del-riesgo-de-desastres","category-gestion-inclusiva-del-riesgo"],"acf":[],"yoast_head":"<!-- This site is optimized with the Yoast SEO plugin v27.2 - https:\/\/yoast.com\/product\/yoast-seo-wordpress\/ -->\n<title>Materiales descargables sobre Gesti\u00f3n Inclusiva del Riesgo de Desastres - ASB Am\u00e9rica Latina<\/title>\n<meta name=\"robots\" content=\"index, follow, max-snippet:-1, max-image-preview:large, max-video-preview:-1\" \/>\n<link rel=\"canonical\" href=\"https:\/\/asb-latam.org\/en\/materiales-descargables-gestion-inclusiva-del-riesgo-desastres\/\" \/>\n<meta property=\"og:locale\" content=\"en_US\" \/>\n<meta property=\"og:type\" content=\"article\" \/>\n<meta property=\"og:title\" content=\"Materiales descargables sobre Gesti\u00f3n Inclusiva del Riesgo de Desastres - ASB Am\u00e9rica Latina\" \/>\n<meta property=\"og:description\" content=\"El proyecto centroamericano \u201cInclusi\u00f3n de personas con discapacidad y adultos mayores en la gesti\u00f3n del riesgo de desastres [&hellip;]\" \/>\n<meta property=\"og:url\" content=\"https:\/\/asb-latam.org\/en\/materiales-descargables-gestion-inclusiva-del-riesgo-desastres\/\" \/>\n<meta property=\"og:site_name\" content=\"ASB Am\u00e9rica Latina\" \/>\n<meta property=\"article:published_time\" content=\"2018-02-07T18:00:12+00:00\" \/>\n<meta property=\"article:modified_time\" content=\"2020-02-18T23:47:26+00:00\" \/>\n<meta property=\"og:image\" content=\"https:\/\/migration.asb-latam.org\/wp-content\/uploads\/2018\/02\/pp-web-materiales-didacticos-v3.jpg\" \/>\n\t<meta property=\"og:image:width\" content=\"1920\" \/>\n\t<meta property=\"og:image:height\" content=\"704\" \/>\n\t<meta property=\"og:image:type\" content=\"image\/jpeg\" \/>\n<meta name=\"author\" content=\"Olmedo Morales\" \/>\n<meta name=\"twitter:card\" content=\"summary_large_image\" \/>\n<meta name=\"twitter:label1\" content=\"Written by\" \/>\n\t<meta name=\"twitter:data1\" content=\"Olmedo Morales\" \/>\n\t<meta name=\"twitter:label2\" content=\"Est. reading time\" \/>\n\t<meta name=\"twitter:data2\" content=\"2 minutes\" \/>\n<script type=\"application\/ld+json\" class=\"yoast-schema-graph\">{\"@context\":\"https:\/\/schema.org\",\"@graph\":[{\"@type\":\"Article\",\"@id\":\"https:\/\/asb-latam.org\/en\/materiales-descargables-gestion-inclusiva-del-riesgo-desastres\/#article\",\"isPartOf\":{\"@id\":\"https:\/\/asb-latam.org\/en\/materiales-descargables-gestion-inclusiva-del-riesgo-desastres\/\"},\"author\":{\"name\":\"Olmedo Morales\",\"@id\":\"https:\/\/asb-latam.org\/#\/schema\/person\/38f9fa7875be1067361477d056ec1670\"},\"headline\":\"Materiales descargables sobre Gesti\u00f3n Inclusiva del Riesgo de Desastres\",\"datePublished\":\"2018-02-07T18:00:12+00:00\",\"dateModified\":\"2020-02-18T23:47:26+00:00\",\"mainEntityOfPage\":{\"@id\":\"https:\/\/asb-latam.org\/en\/materiales-descargables-gestion-inclusiva-del-riesgo-desastres\/\"},\"wordCount\":465,\"commentCount\":0,\"image\":{\"@id\":\"https:\/\/asb-latam.org\/en\/materiales-descargables-gestion-inclusiva-del-riesgo-desastres\/#primaryimage\"},\"thumbnailUrl\":\"https:\/\/asb-latam.org\/wp-content\/uploads\/2018\/02\/pp-web-materiales-didacticos-v3.jpg\",\"articleSection\":[\"Discapacidad\",\"Gestion del Riesgo de Desastres\",\"Gesti\u00f3n inclusiva del riesgo\"],\"inLanguage\":\"en-US\",\"potentialAction\":[{\"@type\":\"CommentAction\",\"name\":\"Comment\",\"target\":[\"https:\/\/asb-latam.org\/en\/materiales-descargables-gestion-inclusiva-del-riesgo-desastres\/#respond\"]}]},{\"@type\":\"WebPage\",\"@id\":\"https:\/\/asb-latam.org\/en\/materiales-descargables-gestion-inclusiva-del-riesgo-desastres\/\",\"url\":\"https:\/\/asb-latam.org\/en\/materiales-descargables-gestion-inclusiva-del-riesgo-desastres\/\",\"name\":\"Materiales descargables sobre Gesti\u00f3n Inclusiva del Riesgo de Desastres - ASB Am\u00e9rica Latina\",\"isPartOf\":{\"@id\":\"https:\/\/asb-latam.org\/#website\"},\"primaryImageOfPage\":{\"@id\":\"https:\/\/asb-latam.org\/en\/materiales-descargables-gestion-inclusiva-del-riesgo-desastres\/#primaryimage\"},\"image\":{\"@id\":\"https:\/\/asb-latam.org\/en\/materiales-descargables-gestion-inclusiva-del-riesgo-desastres\/#primaryimage\"},\"thumbnailUrl\":\"https:\/\/asb-latam.org\/wp-content\/uploads\/2018\/02\/pp-web-materiales-didacticos-v3.jpg\",\"datePublished\":\"2018-02-07T18:00:12+00:00\",\"dateModified\":\"2020-02-18T23:47:26+00:00\",\"author\":{\"@id\":\"https:\/\/asb-latam.org\/#\/schema\/person\/38f9fa7875be1067361477d056ec1670\"},\"breadcrumb\":{\"@id\":\"https:\/\/asb-latam.org\/en\/materiales-descargables-gestion-inclusiva-del-riesgo-desastres\/#breadcrumb\"},\"inLanguage\":\"en-US\",\"potentialAction\":[{\"@type\":\"ReadAction\",\"target\":[\"https:\/\/asb-latam.org\/en\/materiales-descargables-gestion-inclusiva-del-riesgo-desastres\/\"]}]},{\"@type\":\"ImageObject\",\"inLanguage\":\"en-US\",\"@id\":\"https:\/\/asb-latam.org\/en\/materiales-descargables-gestion-inclusiva-del-riesgo-desastres\/#primaryimage\",\"url\":\"https:\/\/asb-latam.org\/wp-content\/uploads\/2018\/02\/pp-web-materiales-didacticos-v3.jpg\",\"contentUrl\":\"https:\/\/asb-latam.org\/wp-content\/uploads\/2018\/02\/pp-web-materiales-didacticos-v3.jpg\",\"width\":\"1920\",\"height\":\"704\"},{\"@type\":\"BreadcrumbList\",\"@id\":\"https:\/\/asb-latam.org\/en\/materiales-descargables-gestion-inclusiva-del-riesgo-desastres\/#breadcrumb\",\"itemListElement\":[{\"@type\":\"ListItem\",\"position\":1,\"name\":\"Portada\",\"item\":\"https:\/\/asb-latam.org\/\"},{\"@type\":\"ListItem\",\"position\":2,\"name\":\"Materiales descargables sobre Gesti\u00f3n Inclusiva del Riesgo de Desastres\"}]},{\"@type\":\"WebSite\",\"@id\":\"https:\/\/asb-latam.org\/#website\",\"url\":\"https:\/\/asb-latam.org\/\",\"name\":\"ASB Am\u00e9rica Latina\",\"description\":\"Ayudamos aqu\u00ed y ahora\",\"potentialAction\":[{\"@type\":\"SearchAction\",\"target\":{\"@type\":\"EntryPoint\",\"urlTemplate\":\"https:\/\/asb-latam.org\/?s={search_term_string}\"},\"query-input\":{\"@type\":\"PropertyValueSpecification\",\"valueRequired\":true,\"valueName\":\"search_term_string\"}}],\"inLanguage\":\"en-US\"},{\"@type\":\"Person\",\"@id\":\"https:\/\/asb-latam.org\/#\/schema\/person\/38f9fa7875be1067361477d056ec1670\",\"name\":\"Olmedo Morales\",\"image\":{\"@type\":\"ImageObject\",\"inLanguage\":\"en-US\",\"@id\":\"https:\/\/secure.gravatar.com\/avatar\/4aa165ff7f1d00dd1a86a95c1811131f59f71d6f33063152cd7facb1945185a9?s=96&d=mm&r=g\",\"url\":\"https:\/\/secure.gravatar.com\/avatar\/4aa165ff7f1d00dd1a86a95c1811131f59f71d6f33063152cd7facb1945185a9?s=96&d=mm&r=g\",\"contentUrl\":\"https:\/\/secure.gravatar.com\/avatar\/4aa165ff7f1d00dd1a86a95c1811131f59f71d6f33063152cd7facb1945185a9?s=96&d=mm&r=g\",\"caption\":\"Olmedo Morales\"},\"url\":\"https:\/\/asb-latam.org\/en\/author\/sabine\/\"}]}<\/script>\n<!-- \/ Yoast SEO plugin. -->","yoast_head_json":{"title":"Materiales descargables sobre Gesti\u00f3n Inclusiva del Riesgo de Desastres - ASB Am\u00e9rica Latina","robots":{"index":"index","follow":"follow","max-snippet":"max-snippet:-1","max-image-preview":"max-image-preview:large","max-video-preview":"max-video-preview:-1"},"canonical":"https:\/\/asb-latam.org\/en\/materiales-descargables-gestion-inclusiva-del-riesgo-desastres\/","og_locale":"en_US","og_type":"article","og_title":"Materiales descargables sobre Gesti\u00f3n Inclusiva del Riesgo de Desastres - ASB Am\u00e9rica Latina","og_description":"El proyecto centroamericano \u201cInclusi\u00f3n de personas con discapacidad y adultos mayores en la gesti\u00f3n del riesgo de desastres [&hellip;]","og_url":"https:\/\/asb-latam.org\/en\/materiales-descargables-gestion-inclusiva-del-riesgo-desastres\/","og_site_name":"ASB Am\u00e9rica Latina","article_published_time":"2018-02-07T18:00:12+00:00","article_modified_time":"2020-02-18T23:47:26+00:00","og_image":[{"width":1920,"height":704,"url":"https:\/\/migration.asb-latam.org\/wp-content\/uploads\/2018\/02\/pp-web-materiales-didacticos-v3.jpg","type":"image\/jpeg"}],"author":"Olmedo Morales","twitter_card":"summary_large_image","twitter_misc":{"Written by":"Olmedo Morales","Est. reading time":"2 minutes"},"schema":{"@context":"https:\/\/schema.org","@graph":[{"@type":"Article","@id":"https:\/\/asb-latam.org\/en\/materiales-descargables-gestion-inclusiva-del-riesgo-desastres\/#article","isPartOf":{"@id":"https:\/\/asb-latam.org\/en\/materiales-descargables-gestion-inclusiva-del-riesgo-desastres\/"},"author":{"name":"Olmedo Morales","@id":"https:\/\/asb-latam.org\/#\/schema\/person\/38f9fa7875be1067361477d056ec1670"},"headline":"Materiales descargables sobre Gesti\u00f3n Inclusiva del Riesgo de Desastres","datePublished":"2018-02-07T18:00:12+00:00","dateModified":"2020-02-18T23:47:26+00:00","mainEntityOfPage":{"@id":"https:\/\/asb-latam.org\/en\/materiales-descargables-gestion-inclusiva-del-riesgo-desastres\/"},"wordCount":465,"commentCount":0,"image":{"@id":"https:\/\/asb-latam.org\/en\/materiales-descargables-gestion-inclusiva-del-riesgo-desastres\/#primaryimage"},"thumbnailUrl":"https:\/\/asb-latam.org\/wp-content\/uploads\/2018\/02\/pp-web-materiales-didacticos-v3.jpg","articleSection":["Discapacidad","Gestion del Riesgo de Desastres","Gesti\u00f3n inclusiva del riesgo"],"inLanguage":"en-US","potentialAction":[{"@type":"CommentAction","name":"Comment","target":["https:\/\/asb-latam.org\/en\/materiales-descargables-gestion-inclusiva-del-riesgo-desastres\/#respond"]}]},{"@type":"WebPage","@id":"https:\/\/asb-latam.org\/en\/materiales-descargables-gestion-inclusiva-del-riesgo-desastres\/","url":"https:\/\/asb-latam.org\/en\/materiales-descargables-gestion-inclusiva-del-riesgo-desastres\/","name":"Materiales descargables sobre Gesti\u00f3n Inclusiva del Riesgo de Desastres - ASB Am\u00e9rica Latina","isPartOf":{"@id":"https:\/\/asb-latam.org\/#website"},"primaryImageOfPage":{"@id":"https:\/\/asb-latam.org\/en\/materiales-descargables-gestion-inclusiva-del-riesgo-desastres\/#primaryimage"},"image":{"@id":"https:\/\/asb-latam.org\/en\/materiales-descargables-gestion-inclusiva-del-riesgo-desastres\/#primaryimage"},"thumbnailUrl":"https:\/\/asb-latam.org\/wp-content\/uploads\/2018\/02\/pp-web-materiales-didacticos-v3.jpg","datePublished":"2018-02-07T18:00:12+00:00","dateModified":"2020-02-18T23:47:26+00:00","author":{"@id":"https:\/\/asb-latam.org\/#\/schema\/person\/38f9fa7875be1067361477d056ec1670"},"breadcrumb":{"@id":"https:\/\/asb-latam.org\/en\/materiales-descargables-gestion-inclusiva-del-riesgo-desastres\/#breadcrumb"},"inLanguage":"en-US","potentialAction":[{"@type":"ReadAction","target":["https:\/\/asb-latam.org\/en\/materiales-descargables-gestion-inclusiva-del-riesgo-desastres\/"]}]},{"@type":"ImageObject","inLanguage":"en-US","@id":"https:\/\/asb-latam.org\/en\/materiales-descargables-gestion-inclusiva-del-riesgo-desastres\/#primaryimage","url":"https:\/\/asb-latam.org\/wp-content\/uploads\/2018\/02\/pp-web-materiales-didacticos-v3.jpg","contentUrl":"https:\/\/asb-latam.org\/wp-content\/uploads\/2018\/02\/pp-web-materiales-didacticos-v3.jpg","width":"1920","height":"704"},{"@type":"BreadcrumbList","@id":"https:\/\/asb-latam.org\/en\/materiales-descargables-gestion-inclusiva-del-riesgo-desastres\/#breadcrumb","itemListElement":[{"@type":"ListItem","position":1,"name":"Portada","item":"https:\/\/asb-latam.org\/"},{"@type":"ListItem","position":2,"name":"Materiales descargables sobre Gesti\u00f3n Inclusiva del Riesgo de Desastres"}]},{"@type":"WebSite","@id":"https:\/\/asb-latam.org\/#website","url":"https:\/\/asb-latam.org\/","name":"ASB Am\u00e9rica Latina","description":"Ayudamos aqu\u00ed y ahora","potentialAction":[{"@type":"SearchAction","target":{"@type":"EntryPoint","urlTemplate":"https:\/\/asb-latam.org\/?s={search_term_string}"},"query-input":{"@type":"PropertyValueSpecification","valueRequired":true,"valueName":"search_term_string"}}],"inLanguage":"en-US"},{"@type":"Person","@id":"https:\/\/asb-latam.org\/#\/schema\/person\/38f9fa7875be1067361477d056ec1670","name":"Olmedo Morales","image":{"@type":"ImageObject","inLanguage":"en-US","@id":"https:\/\/secure.gravatar.com\/avatar\/4aa165ff7f1d00dd1a86a95c1811131f59f71d6f33063152cd7facb1945185a9?s=96&d=mm&r=g","url":"https:\/\/secure.gravatar.com\/avatar\/4aa165ff7f1d00dd1a86a95c1811131f59f71d6f33063152cd7facb1945185a9?s=96&d=mm&r=g","contentUrl":"https:\/\/secure.gravatar.com\/avatar\/4aa165ff7f1d00dd1a86a95c1811131f59f71d6f33063152cd7facb1945185a9?s=96&d=mm&r=g","caption":"Olmedo Morales"},"url":"https:\/\/asb-latam.org\/en\/author\/sabine\/"}]}},"_links":{"self":[{"href":"https:\/\/asb-latam.org\/en\/wp-json\/wp\/v2\/posts\/2523","targetHints":{"allow":["GET"]}}],"collection":[{"href":"https:\/\/asb-latam.org\/en\/wp-json\/wp\/v2\/posts"}],"about":[{"href":"https:\/\/asb-latam.org\/en\/wp-json\/wp\/v2\/types\/post"}],"author":[{"embeddable":true,"href":"https:\/\/asb-latam.org\/en\/wp-json\/wp\/v2\/users\/1"}],"replies":[{"embeddable":true,"href":"https:\/\/asb-latam.org\/en\/wp-json\/wp\/v2\/comments?post=2523"}],"version-history":[{"count":7,"href":"https:\/\/asb-latam.org\/en\/wp-json\/wp\/v2\/posts\/2523\/revisions"}],"predecessor-version":[{"id":4197,"href":"https:\/\/asb-latam.org\/en\/wp-json\/wp\/v2\/posts\/2523\/revisions\/4197"}],"wp:featuredmedia":[{"embeddable":true,"href":"https:\/\/asb-latam.org\/en\/wp-json\/wp\/v2\/media\/2526"}],"wp:attachment":[{"href":"https:\/\/asb-latam.org\/en\/wp-json\/wp\/v2\/media?parent=2523"}],"wp:term":[{"taxonomy":"category","embeddable":true,"href":"https:\/\/asb-latam.org\/en\/wp-json\/wp\/v2\/categories?post=2523"},{"taxonomy":"post_tag","embeddable":true,"href":"https:\/\/asb-latam.org\/en\/wp-json\/wp\/v2\/tags?post=2523"}],"curies":[{"name":"wp","href":"https:\/\/api.w.org\/{rel}","templated":true}]}}