{"id":2760,"date":"2018-08-09T10:36:50","date_gmt":"2018-08-09T16:36:50","guid":{"rendered":"https:\/\/migration.asb-latam.org\/?p=2760"},"modified":"2020-02-18T17:41:38","modified_gmt":"2020-02-18T23:41:38","slug":"asb-alemania-inicia-entrega-ayuda-humanitaria-guatemala-respuesta-la-sequia","status":"publish","type":"post","link":"https:\/\/asb-latam.org\/en\/asb-alemania-inicia-entrega-ayuda-humanitaria-guatemala-respuesta-la-sequia\/","title":{"rendered":"ASB Germany to start delivery of humanitarian aid in Guatemala in response to the drought"},"content":{"rendered":"<p>As a result of the El Ni\u00f1o phenomenon and the effects of climate change, this year drought has once again hit many hundreds of thousands of families of small agricultural farmers in the Central American dry corridor, who have lost a large part of their basic grain crops for self-supply due to the absence of rain during the critical period of crop growth.<\/p>\n<p>According to preliminary figures published in late July and early August by various United Nations agencies, international NGOs and national governments, the partial or total losses of basic grain crops caused by this year's drought would be affecting more than 300,000 families in the Central American dry corridor, or more than 1.5 million people.<\/p>\n<p>The project, which is implemented by the Chort\u00ed Regional Farmers' Association (ASORECH), ASB local partner in Guatemala, will provide basic grain seeds, fertilizers and agricultural tools for the second basic grain season, which runs from mid-August to mid-September. In addition, filters and water tanks will be provided to each of the 112 families in the Municipality of Camot\u00e1n, Chiquimula, to ensure their access to safe water at the household level and thus reduce diarrhoeal diseases that particularly affect children. Medicines will also be equipped and supplied to these families' reference health post and training will be implemented for beneficiary families in agricultural techniques for drought resilience and water management for human consumption at the household level. Finally, community health promoters will be trained.<\/p>\n<p>\"We seek to alleviate the suffering of the most vulnerable families, who have been severely hit by the drought and who have not received any assistance so far. At the same time, we aim to strengthen their resilience to the increasingly recurrent and inclement weather in the region,\" says Alejandro Zurita, ASB's Regional Director for Latin America. He adds: \"However, vulnerability and susceptibility to drought is strongly associated with the structural poverty that Central American countries suffer and which continues to be a social and ethical debt of their rulers\". The case of Guatemala stands out, where 49% of children under 5 years of age suffer from chronic malnutrition, in other words, they have an unrecoverable delay in their growth due to insufficient and\/or unbalanced nutrition.<\/p>\n<p>This project has been enabled by the financial support of Action Germany Aid - ADH (<a href=\"\/en\/(https:\/\/www.aktion-deutschland-hilft.de\/en\/\">(https:\/\/www.aktion-deutschland-hilft.de\/en\/<\/a>), the consortium of German humanitarian NGOs.<\/p>\n<p>While this project is being implemented, ASB, together with its local partner organisations, is preparing a more extended humanitarian aid programme for thousands of drought-affected farming families in the Central American dry corridor, not only in Guatemala, but also in El Salvador and Honduras.<\/p>\n<p><a class=\"btn btn-primary\" href=\"https:\/\/asb-latam.org\/en\/galeria\/respuesta-la-sequia-chiquimula-region-chorti\/\">Photo Gallery<\/a><\/p>","protected":false},"excerpt":{"rendered":"<p>[:es] ra\u00edz del fen\u00f3meno El Ni\u00f1o y los efectos del cambio clim\u00e1tico, este a\u00f1o, la sequ\u00eda ha vuelto a azotar a cientos de miles de familias de peque\u00f1os\/as productores\/as agropecuarios\/as del corredor seco centroamericano.[:]<\/p>\n","protected":false},"author":1,"featured_media":2871,"comment_status":"open","ping_status":"open","sticky":false,"template":"","format":"standard","meta":{"_acf_changed":false,"footnotes":""},"categories":[44,22,43],"tags":[],"class_list":["post-2760","post","type-post","status-publish","format-standard","has-post-thumbnail","hentry","category-desastre","category-desnutricion","category-emergencia"],"acf":[],"yoast_head":"<!-- This site is optimized with the Yoast SEO plugin v27.2 - https:\/\/yoast.com\/product\/yoast-seo-wordpress\/ -->\n<title>ASB Alemania inicia entrega de ayuda humanitaria en Guatemala en respuesta a la sequ\u00eda - ASB Am\u00e9rica Latina<\/title>\n<meta name=\"robots\" content=\"index, follow, max-snippet:-1, max-image-preview:large, max-video-preview:-1\" \/>\n<link rel=\"canonical\" href=\"https:\/\/asb-latam.org\/en\/asb-alemania-inicia-entrega-ayuda-humanitaria-guatemala-respuesta-la-sequia\/\" \/>\n<meta property=\"og:locale\" content=\"en_US\" \/>\n<meta property=\"og:type\" content=\"article\" \/>\n<meta property=\"og:title\" content=\"ASB Alemania inicia entrega de ayuda humanitaria en Guatemala en respuesta a la sequ\u00eda - ASB Am\u00e9rica Latina\" \/>\n<meta property=\"og:description\" content=\"[:es] ra\u00edz del fen\u00f3meno El Ni\u00f1o y los efectos del cambio clim\u00e1tico, este a\u00f1o, la sequ\u00eda ha vuelto a azotar a cientos de miles de familias de peque\u00f1os\/as productores\/as agropecuarios\/as del corredor seco centroamericano.[:]\" \/>\n<meta property=\"og:url\" content=\"https:\/\/asb-latam.org\/en\/asb-alemania-inicia-entrega-ayuda-humanitaria-guatemala-respuesta-la-sequia\/\" \/>\n<meta property=\"og:site_name\" content=\"ASB Am\u00e9rica Latina\" \/>\n<meta property=\"article:published_time\" content=\"2018-08-09T16:36:50+00:00\" \/>\n<meta property=\"article:modified_time\" content=\"2020-02-18T23:41:38+00:00\" \/>\n<meta property=\"og:image\" content=\"https:\/\/migration.asb-latam.org\/wp-content\/uploads\/2018\/08\/DSC_0379.jpg\" \/>\n\t<meta property=\"og:image:width\" content=\"2000\" \/>\n\t<meta property=\"og:image:height\" content=\"1333\" \/>\n\t<meta property=\"og:image:type\" content=\"image\/jpeg\" \/>\n<meta name=\"author\" content=\"Olmedo Morales\" \/>\n<meta name=\"twitter:card\" content=\"summary_large_image\" \/>\n<meta name=\"twitter:label1\" content=\"Written by\" \/>\n\t<meta name=\"twitter:data1\" content=\"Olmedo Morales\" \/>\n\t<meta name=\"twitter:label2\" content=\"Est. reading time\" \/>\n\t<meta name=\"twitter:data2\" content=\"3 minutes\" \/>\n<script type=\"application\/ld+json\" class=\"yoast-schema-graph\">{\"@context\":\"https:\/\/schema.org\",\"@graph\":[{\"@type\":\"Article\",\"@id\":\"https:\/\/asb-latam.org\/asb-alemania-inicia-entrega-ayuda-humanitaria-guatemala-respuesta-la-sequia\/#article\",\"isPartOf\":{\"@id\":\"https:\/\/asb-latam.org\/asb-alemania-inicia-entrega-ayuda-humanitaria-guatemala-respuesta-la-sequia\/\"},\"author\":{\"name\":\"Olmedo Morales\",\"@id\":\"https:\/\/asb-latam.org\/#\/schema\/person\/38f9fa7875be1067361477d056ec1670\"},\"headline\":\"ASB Alemania inicia entrega de ayuda humanitaria en Guatemala en respuesta a la sequ\u00eda\",\"datePublished\":\"2018-08-09T16:36:50+00:00\",\"dateModified\":\"2020-02-18T23:41:38+00:00\",\"mainEntityOfPage\":{\"@id\":\"https:\/\/asb-latam.org\/asb-alemania-inicia-entrega-ayuda-humanitaria-guatemala-respuesta-la-sequia\/\"},\"wordCount\":532,\"commentCount\":0,\"image\":{\"@id\":\"https:\/\/asb-latam.org\/asb-alemania-inicia-entrega-ayuda-humanitaria-guatemala-respuesta-la-sequia\/#primaryimage\"},\"thumbnailUrl\":\"https:\/\/asb-latam.org\/wp-content\/uploads\/2018\/08\/DSC_0379.jpg\",\"articleSection\":[\"Desastre\",\"Desnutrici\u00f3n\",\"Emergencia\"],\"inLanguage\":\"en-US\",\"potentialAction\":[{\"@type\":\"CommentAction\",\"name\":\"Comment\",\"target\":[\"https:\/\/asb-latam.org\/asb-alemania-inicia-entrega-ayuda-humanitaria-guatemala-respuesta-la-sequia\/#respond\"]}]},{\"@type\":\"WebPage\",\"@id\":\"https:\/\/asb-latam.org\/asb-alemania-inicia-entrega-ayuda-humanitaria-guatemala-respuesta-la-sequia\/\",\"url\":\"https:\/\/asb-latam.org\/asb-alemania-inicia-entrega-ayuda-humanitaria-guatemala-respuesta-la-sequia\/\",\"name\":\"ASB Alemania inicia entrega de ayuda humanitaria en Guatemala en respuesta a la sequ\u00eda - ASB Am\u00e9rica Latina\",\"isPartOf\":{\"@id\":\"https:\/\/asb-latam.org\/#website\"},\"primaryImageOfPage\":{\"@id\":\"https:\/\/asb-latam.org\/asb-alemania-inicia-entrega-ayuda-humanitaria-guatemala-respuesta-la-sequia\/#primaryimage\"},\"image\":{\"@id\":\"https:\/\/asb-latam.org\/asb-alemania-inicia-entrega-ayuda-humanitaria-guatemala-respuesta-la-sequia\/#primaryimage\"},\"thumbnailUrl\":\"https:\/\/asb-latam.org\/wp-content\/uploads\/2018\/08\/DSC_0379.jpg\",\"datePublished\":\"2018-08-09T16:36:50+00:00\",\"dateModified\":\"2020-02-18T23:41:38+00:00\",\"author\":{\"@id\":\"https:\/\/asb-latam.org\/#\/schema\/person\/38f9fa7875be1067361477d056ec1670\"},\"breadcrumb\":{\"@id\":\"https:\/\/asb-latam.org\/asb-alemania-inicia-entrega-ayuda-humanitaria-guatemala-respuesta-la-sequia\/#breadcrumb\"},\"inLanguage\":\"en-US\",\"potentialAction\":[{\"@type\":\"ReadAction\",\"target\":[\"https:\/\/asb-latam.org\/asb-alemania-inicia-entrega-ayuda-humanitaria-guatemala-respuesta-la-sequia\/\"]}]},{\"@type\":\"ImageObject\",\"inLanguage\":\"en-US\",\"@id\":\"https:\/\/asb-latam.org\/asb-alemania-inicia-entrega-ayuda-humanitaria-guatemala-respuesta-la-sequia\/#primaryimage\",\"url\":\"https:\/\/asb-latam.org\/wp-content\/uploads\/2018\/08\/DSC_0379.jpg\",\"contentUrl\":\"https:\/\/asb-latam.org\/wp-content\/uploads\/2018\/08\/DSC_0379.jpg\",\"width\":\"2000\",\"height\":\"1333\"},{\"@type\":\"BreadcrumbList\",\"@id\":\"https:\/\/asb-latam.org\/asb-alemania-inicia-entrega-ayuda-humanitaria-guatemala-respuesta-la-sequia\/#breadcrumb\",\"itemListElement\":[{\"@type\":\"ListItem\",\"position\":1,\"name\":\"Portada\",\"item\":\"https:\/\/asb-latam.org\/\"},{\"@type\":\"ListItem\",\"position\":2,\"name\":\"ASB Alemania inicia entrega de ayuda humanitaria en Guatemala en respuesta a la sequ\u00eda\"}]},{\"@type\":\"WebSite\",\"@id\":\"https:\/\/asb-latam.org\/#website\",\"url\":\"https:\/\/asb-latam.org\/\",\"name\":\"ASB Am\u00e9rica Latina\",\"description\":\"Ayudamos aqu\u00ed y ahora\",\"potentialAction\":[{\"@type\":\"SearchAction\",\"target\":{\"@type\":\"EntryPoint\",\"urlTemplate\":\"https:\/\/asb-latam.org\/?s={search_term_string}\"},\"query-input\":{\"@type\":\"PropertyValueSpecification\",\"valueRequired\":true,\"valueName\":\"search_term_string\"}}],\"inLanguage\":\"en-US\"},{\"@type\":\"Person\",\"@id\":\"https:\/\/asb-latam.org\/#\/schema\/person\/38f9fa7875be1067361477d056ec1670\",\"name\":\"Olmedo Morales\",\"image\":{\"@type\":\"ImageObject\",\"inLanguage\":\"en-US\",\"@id\":\"https:\/\/secure.gravatar.com\/avatar\/4aa165ff7f1d00dd1a86a95c1811131f59f71d6f33063152cd7facb1945185a9?s=96&d=mm&r=g\",\"url\":\"https:\/\/secure.gravatar.com\/avatar\/4aa165ff7f1d00dd1a86a95c1811131f59f71d6f33063152cd7facb1945185a9?s=96&d=mm&r=g\",\"contentUrl\":\"https:\/\/secure.gravatar.com\/avatar\/4aa165ff7f1d00dd1a86a95c1811131f59f71d6f33063152cd7facb1945185a9?s=96&d=mm&r=g\",\"caption\":\"Olmedo Morales\"},\"url\":\"https:\/\/asb-latam.org\/en\/author\/sabine\/\"}]}<\/script>\n<!-- \/ Yoast SEO plugin. -->","yoast_head_json":{"title":"ASB Alemania inicia entrega de ayuda humanitaria en Guatemala en respuesta a la sequ\u00eda - ASB Am\u00e9rica Latina","robots":{"index":"index","follow":"follow","max-snippet":"max-snippet:-1","max-image-preview":"max-image-preview:large","max-video-preview":"max-video-preview:-1"},"canonical":"https:\/\/asb-latam.org\/en\/asb-alemania-inicia-entrega-ayuda-humanitaria-guatemala-respuesta-la-sequia\/","og_locale":"en_US","og_type":"article","og_title":"ASB Alemania inicia entrega de ayuda humanitaria en Guatemala en respuesta a la sequ\u00eda - ASB Am\u00e9rica Latina","og_description":"[:es] ra\u00edz del fen\u00f3meno El Ni\u00f1o y los efectos del cambio clim\u00e1tico, este a\u00f1o, la sequ\u00eda ha vuelto a azotar a cientos de miles de familias de peque\u00f1os\/as productores\/as agropecuarios\/as del corredor seco centroamericano.[:]","og_url":"https:\/\/asb-latam.org\/en\/asb-alemania-inicia-entrega-ayuda-humanitaria-guatemala-respuesta-la-sequia\/","og_site_name":"ASB Am\u00e9rica Latina","article_published_time":"2018-08-09T16:36:50+00:00","article_modified_time":"2020-02-18T23:41:38+00:00","og_image":[{"width":2000,"height":1333,"url":"https:\/\/migration.asb-latam.org\/wp-content\/uploads\/2018\/08\/DSC_0379.jpg","type":"image\/jpeg"}],"author":"Olmedo Morales","twitter_card":"summary_large_image","twitter_misc":{"Written by":"Olmedo Morales","Est. reading time":"3 minutes"},"schema":{"@context":"https:\/\/schema.org","@graph":[{"@type":"Article","@id":"https:\/\/asb-latam.org\/asb-alemania-inicia-entrega-ayuda-humanitaria-guatemala-respuesta-la-sequia\/#article","isPartOf":{"@id":"https:\/\/asb-latam.org\/asb-alemania-inicia-entrega-ayuda-humanitaria-guatemala-respuesta-la-sequia\/"},"author":{"name":"Olmedo Morales","@id":"https:\/\/asb-latam.org\/#\/schema\/person\/38f9fa7875be1067361477d056ec1670"},"headline":"ASB Alemania inicia entrega de ayuda humanitaria en Guatemala en respuesta a la sequ\u00eda","datePublished":"2018-08-09T16:36:50+00:00","dateModified":"2020-02-18T23:41:38+00:00","mainEntityOfPage":{"@id":"https:\/\/asb-latam.org\/asb-alemania-inicia-entrega-ayuda-humanitaria-guatemala-respuesta-la-sequia\/"},"wordCount":532,"commentCount":0,"image":{"@id":"https:\/\/asb-latam.org\/asb-alemania-inicia-entrega-ayuda-humanitaria-guatemala-respuesta-la-sequia\/#primaryimage"},"thumbnailUrl":"https:\/\/asb-latam.org\/wp-content\/uploads\/2018\/08\/DSC_0379.jpg","articleSection":["Desastre","Desnutrici\u00f3n","Emergencia"],"inLanguage":"en-US","potentialAction":[{"@type":"CommentAction","name":"Comment","target":["https:\/\/asb-latam.org\/asb-alemania-inicia-entrega-ayuda-humanitaria-guatemala-respuesta-la-sequia\/#respond"]}]},{"@type":"WebPage","@id":"https:\/\/asb-latam.org\/asb-alemania-inicia-entrega-ayuda-humanitaria-guatemala-respuesta-la-sequia\/","url":"https:\/\/asb-latam.org\/asb-alemania-inicia-entrega-ayuda-humanitaria-guatemala-respuesta-la-sequia\/","name":"ASB Alemania inicia entrega de ayuda humanitaria en Guatemala en respuesta a la sequ\u00eda - ASB Am\u00e9rica Latina","isPartOf":{"@id":"https:\/\/asb-latam.org\/#website"},"primaryImageOfPage":{"@id":"https:\/\/asb-latam.org\/asb-alemania-inicia-entrega-ayuda-humanitaria-guatemala-respuesta-la-sequia\/#primaryimage"},"image":{"@id":"https:\/\/asb-latam.org\/asb-alemania-inicia-entrega-ayuda-humanitaria-guatemala-respuesta-la-sequia\/#primaryimage"},"thumbnailUrl":"https:\/\/asb-latam.org\/wp-content\/uploads\/2018\/08\/DSC_0379.jpg","datePublished":"2018-08-09T16:36:50+00:00","dateModified":"2020-02-18T23:41:38+00:00","author":{"@id":"https:\/\/asb-latam.org\/#\/schema\/person\/38f9fa7875be1067361477d056ec1670"},"breadcrumb":{"@id":"https:\/\/asb-latam.org\/asb-alemania-inicia-entrega-ayuda-humanitaria-guatemala-respuesta-la-sequia\/#breadcrumb"},"inLanguage":"en-US","potentialAction":[{"@type":"ReadAction","target":["https:\/\/asb-latam.org\/asb-alemania-inicia-entrega-ayuda-humanitaria-guatemala-respuesta-la-sequia\/"]}]},{"@type":"ImageObject","inLanguage":"en-US","@id":"https:\/\/asb-latam.org\/asb-alemania-inicia-entrega-ayuda-humanitaria-guatemala-respuesta-la-sequia\/#primaryimage","url":"https:\/\/asb-latam.org\/wp-content\/uploads\/2018\/08\/DSC_0379.jpg","contentUrl":"https:\/\/asb-latam.org\/wp-content\/uploads\/2018\/08\/DSC_0379.jpg","width":"2000","height":"1333"},{"@type":"BreadcrumbList","@id":"https:\/\/asb-latam.org\/asb-alemania-inicia-entrega-ayuda-humanitaria-guatemala-respuesta-la-sequia\/#breadcrumb","itemListElement":[{"@type":"ListItem","position":1,"name":"Portada","item":"https:\/\/asb-latam.org\/"},{"@type":"ListItem","position":2,"name":"ASB Alemania inicia entrega de ayuda humanitaria en Guatemala en respuesta a la sequ\u00eda"}]},{"@type":"WebSite","@id":"https:\/\/asb-latam.org\/#website","url":"https:\/\/asb-latam.org\/","name":"ASB Am\u00e9rica Latina","description":"Ayudamos aqu\u00ed y ahora","potentialAction":[{"@type":"SearchAction","target":{"@type":"EntryPoint","urlTemplate":"https:\/\/asb-latam.org\/?s={search_term_string}"},"query-input":{"@type":"PropertyValueSpecification","valueRequired":true,"valueName":"search_term_string"}}],"inLanguage":"en-US"},{"@type":"Person","@id":"https:\/\/asb-latam.org\/#\/schema\/person\/38f9fa7875be1067361477d056ec1670","name":"Olmedo Morales","image":{"@type":"ImageObject","inLanguage":"en-US","@id":"https:\/\/secure.gravatar.com\/avatar\/4aa165ff7f1d00dd1a86a95c1811131f59f71d6f33063152cd7facb1945185a9?s=96&d=mm&r=g","url":"https:\/\/secure.gravatar.com\/avatar\/4aa165ff7f1d00dd1a86a95c1811131f59f71d6f33063152cd7facb1945185a9?s=96&d=mm&r=g","contentUrl":"https:\/\/secure.gravatar.com\/avatar\/4aa165ff7f1d00dd1a86a95c1811131f59f71d6f33063152cd7facb1945185a9?s=96&d=mm&r=g","caption":"Olmedo Morales"},"url":"https:\/\/asb-latam.org\/en\/author\/sabine\/"}]}},"_links":{"self":[{"href":"https:\/\/asb-latam.org\/en\/wp-json\/wp\/v2\/posts\/2760","targetHints":{"allow":["GET"]}}],"collection":[{"href":"https:\/\/asb-latam.org\/en\/wp-json\/wp\/v2\/posts"}],"about":[{"href":"https:\/\/asb-latam.org\/en\/wp-json\/wp\/v2\/types\/post"}],"author":[{"embeddable":true,"href":"https:\/\/asb-latam.org\/en\/wp-json\/wp\/v2\/users\/1"}],"replies":[{"embeddable":true,"href":"https:\/\/asb-latam.org\/en\/wp-json\/wp\/v2\/comments?post=2760"}],"version-history":[{"count":5,"href":"https:\/\/asb-latam.org\/en\/wp-json\/wp\/v2\/posts\/2760\/revisions"}],"predecessor-version":[{"id":4187,"href":"https:\/\/asb-latam.org\/en\/wp-json\/wp\/v2\/posts\/2760\/revisions\/4187"}],"wp:featuredmedia":[{"embeddable":true,"href":"https:\/\/asb-latam.org\/en\/wp-json\/wp\/v2\/media\/2871"}],"wp:attachment":[{"href":"https:\/\/asb-latam.org\/en\/wp-json\/wp\/v2\/media?parent=2760"}],"wp:term":[{"taxonomy":"category","embeddable":true,"href":"https:\/\/asb-latam.org\/en\/wp-json\/wp\/v2\/categories?post=2760"},{"taxonomy":"post_tag","embeddable":true,"href":"https:\/\/asb-latam.org\/en\/wp-json\/wp\/v2\/tags?post=2760"}],"curies":[{"name":"wp","href":"https:\/\/api.w.org\/{rel}","templated":true}]}}