{"id":3987,"date":"2019-10-03T11:45:31","date_gmt":"2019-10-03T17:45:31","guid":{"rendered":"https:\/\/migration.asb-latam.org\/?p=3987"},"modified":"2020-06-17T10:05:28","modified_gmt":"2020-06-17T16:05:28","slug":"nuestras-experiencias-en-materia-de-inclusion","status":"publish","type":"post","link":"https:\/\/asb-latam.org\/en\/nuestras-experiencias-en-materia-de-inclusion\/","title":{"rendered":"Our inclusion experiences"},"content":{"rendered":"<p>With the publication of the systematization of pilot projects and significant experiences of the project \"Inclusion of People with Disabilities and Older Adults in Disaster Risk Reduction in Central America\" (2016-2019) and its presentation to key actors, the activities of this regional project developed in El Salvador, Guatemala, Honduras and Nicaragua, implemented by ASB, FECONORI, CORDES and their partners in the four countries, and financed by the Ministry of Economic Cooperation and Development (BMZ) of the Government of the Federal Republic of Germany, are coming to an end.<\/p>\n<p>More than 300 people, including key actors in DRR, disability and older people from these four countries, together with members of organisations from these two groups attended the presentation of the systematisation of project experiences in the days leading up to the International Day for DRR (13 October).<\/p>\n<p>Some of the experiences at local, national and regional level can be mentioned here:<\/p>\n<ul>\n<li>Inclusive temporary shelters.<\/li>\n<li>Day homes for older adults as a space for inclusive Disaster Risk Reduction.<\/li>\n<li>Inclusive warning system in universities.<\/li>\n<li>Commitment of governing bodies for risk management and disability.<\/li>\n<li>Inclusive theatre play \"Radio Tormenta\".<\/li>\n<li>Inclusive Central American Policy for Integral Risk Management (PCGIR).<\/li>\n<\/ul>\n<p>The protagonists themselves (representatives of governing bodies, municipalities, universities, partner organizations, etc.) presented to those present what was narrated in the systematization.<\/p>\n<p>The experiences of this systematization show that it is possible to promote the inclusion of these groups in disaster risk management. They also show that, with willingness, sometimes simple and low cost actions can facilitate that people with disabilities and older adults are increasingly involved in the different risk management processes developed in their countries and that risk management actors can continue to learn more about inclusion, to put it into practice. The selection of experiences was carried out with the criterion, among others, that they were replicable. We hope that these experiences can be replicated in the future and that they can give light to continue advancing towards a more inclusive risk management, according to the orientations in this respect of the Sendai Framework and the Central American Policy on Integrated Risk Management (PCGIR).<\/p>\n<p class=\"translation-block\">Click here <a href=\"https:\/\/asb-latam.org\/en\/galeria\/taller-de-sistematizacion-del-programa-de-inclusion\/\" target=\"_self\">here<\/a> for the photo gallery<\/p>","protected":false},"excerpt":{"rendered":"<p>Con la publicaci\u00f3n de la sistematizaci\u00f3n de proyectos piloto y experiencias significativas del proyecto \u00abInclusi\u00f3n de Personas con [&hellip;]<\/p>\n","protected":false},"author":1,"featured_media":3963,"comment_status":"open","ping_status":"open","sticky":false,"template":"","format":"standard","meta":{"_acf_changed":false,"footnotes":""},"categories":[44,29,43,30,32,28],"tags":[],"class_list":["post-3987","post","type-post","status-publish","format-standard","has-post-thumbnail","hentry","category-desastre","category-discapacidad","category-emergencia","category-gestion-del-riesgo-de-desastres","category-gestion-inclusiva-del-riesgo","category-lenguaje-de-senas"],"acf":[],"yoast_head":"<!-- This site is optimized with the Yoast SEO plugin v27.2 - https:\/\/yoast.com\/product\/yoast-seo-wordpress\/ -->\n<title>Nuestras experiencias en materia de inclusi\u00f3n - ASB Am\u00e9rica Latina<\/title>\n<meta name=\"robots\" content=\"index, follow, max-snippet:-1, max-image-preview:large, max-video-preview:-1\" \/>\n<link rel=\"canonical\" href=\"https:\/\/asb-latam.org\/en\/nuestras-experiencias-en-materia-de-inclusion\/\" \/>\n<meta property=\"og:locale\" content=\"en_US\" \/>\n<meta property=\"og:type\" content=\"article\" \/>\n<meta property=\"og:title\" content=\"Nuestras experiencias en materia de inclusi\u00f3n - ASB Am\u00e9rica Latina\" \/>\n<meta property=\"og:description\" content=\"Con la publicaci\u00f3n de la sistematizaci\u00f3n de proyectos piloto y experiencias significativas del proyecto \u00abInclusi\u00f3n de Personas con [&hellip;]\" \/>\n<meta property=\"og:url\" content=\"https:\/\/asb-latam.org\/en\/nuestras-experiencias-en-materia-de-inclusion\/\" \/>\n<meta property=\"og:site_name\" content=\"ASB Am\u00e9rica Latina\" \/>\n<meta property=\"article:published_time\" content=\"2019-10-03T17:45:31+00:00\" \/>\n<meta property=\"article:modified_time\" content=\"2020-06-17T16:05:28+00:00\" \/>\n<meta property=\"og:image\" content=\"https:\/\/migration.asb-latam.org\/wp-content\/uploads\/2019\/11\/DSC_0279.jpg\" \/>\n\t<meta property=\"og:image:width\" content=\"1500\" \/>\n\t<meta property=\"og:image:height\" content=\"1000\" \/>\n\t<meta property=\"og:image:type\" content=\"image\/jpeg\" \/>\n<meta name=\"author\" content=\"Olmedo Morales\" \/>\n<meta name=\"twitter:card\" content=\"summary_large_image\" \/>\n<meta name=\"twitter:label1\" content=\"Written by\" \/>\n\t<meta name=\"twitter:data1\" content=\"Olmedo Morales\" \/>\n\t<meta name=\"twitter:label2\" content=\"Est. reading time\" \/>\n\t<meta name=\"twitter:data2\" content=\"2 minutes\" \/>\n<script type=\"application\/ld+json\" class=\"yoast-schema-graph\">{\"@context\":\"https:\/\/schema.org\",\"@graph\":[{\"@type\":\"Article\",\"@id\":\"https:\/\/asb-latam.org\/en\/nuestras-experiencias-en-materia-de-inclusion\/#article\",\"isPartOf\":{\"@id\":\"https:\/\/asb-latam.org\/en\/nuestras-experiencias-en-materia-de-inclusion\/\"},\"author\":{\"name\":\"Olmedo Morales\",\"@id\":\"https:\/\/asb-latam.org\/#\/schema\/person\/38f9fa7875be1067361477d056ec1670\"},\"headline\":\"Nuestras experiencias en materia de inclusi\u00f3n\",\"datePublished\":\"2019-10-03T17:45:31+00:00\",\"dateModified\":\"2020-06-17T16:05:28+00:00\",\"mainEntityOfPage\":{\"@id\":\"https:\/\/asb-latam.org\/en\/nuestras-experiencias-en-materia-de-inclusion\/\"},\"wordCount\":430,\"commentCount\":0,\"image\":{\"@id\":\"https:\/\/asb-latam.org\/en\/nuestras-experiencias-en-materia-de-inclusion\/#primaryimage\"},\"thumbnailUrl\":\"https:\/\/asb-latam.org\/wp-content\/uploads\/2019\/11\/DSC_0279.jpg\",\"articleSection\":[\"Desastre\",\"Discapacidad\",\"Emergencia\",\"Gestion del Riesgo de Desastres\",\"Gesti\u00f3n inclusiva del riesgo\",\"Lenguaje de se\u00f1as\"],\"inLanguage\":\"en-US\",\"potentialAction\":[{\"@type\":\"CommentAction\",\"name\":\"Comment\",\"target\":[\"https:\/\/asb-latam.org\/en\/nuestras-experiencias-en-materia-de-inclusion\/#respond\"]}]},{\"@type\":\"WebPage\",\"@id\":\"https:\/\/asb-latam.org\/en\/nuestras-experiencias-en-materia-de-inclusion\/\",\"url\":\"https:\/\/asb-latam.org\/en\/nuestras-experiencias-en-materia-de-inclusion\/\",\"name\":\"Nuestras experiencias en materia de inclusi\u00f3n - ASB Am\u00e9rica Latina\",\"isPartOf\":{\"@id\":\"https:\/\/asb-latam.org\/#website\"},\"primaryImageOfPage\":{\"@id\":\"https:\/\/asb-latam.org\/en\/nuestras-experiencias-en-materia-de-inclusion\/#primaryimage\"},\"image\":{\"@id\":\"https:\/\/asb-latam.org\/en\/nuestras-experiencias-en-materia-de-inclusion\/#primaryimage\"},\"thumbnailUrl\":\"https:\/\/asb-latam.org\/wp-content\/uploads\/2019\/11\/DSC_0279.jpg\",\"datePublished\":\"2019-10-03T17:45:31+00:00\",\"dateModified\":\"2020-06-17T16:05:28+00:00\",\"author\":{\"@id\":\"https:\/\/asb-latam.org\/#\/schema\/person\/38f9fa7875be1067361477d056ec1670\"},\"breadcrumb\":{\"@id\":\"https:\/\/asb-latam.org\/en\/nuestras-experiencias-en-materia-de-inclusion\/#breadcrumb\"},\"inLanguage\":\"en-US\",\"potentialAction\":[{\"@type\":\"ReadAction\",\"target\":[\"https:\/\/asb-latam.org\/en\/nuestras-experiencias-en-materia-de-inclusion\/\"]}]},{\"@type\":\"ImageObject\",\"inLanguage\":\"en-US\",\"@id\":\"https:\/\/asb-latam.org\/en\/nuestras-experiencias-en-materia-de-inclusion\/#primaryimage\",\"url\":\"https:\/\/asb-latam.org\/wp-content\/uploads\/2019\/11\/DSC_0279.jpg\",\"contentUrl\":\"https:\/\/asb-latam.org\/wp-content\/uploads\/2019\/11\/DSC_0279.jpg\",\"width\":1500,\"height\":1000},{\"@type\":\"BreadcrumbList\",\"@id\":\"https:\/\/asb-latam.org\/en\/nuestras-experiencias-en-materia-de-inclusion\/#breadcrumb\",\"itemListElement\":[{\"@type\":\"ListItem\",\"position\":1,\"name\":\"Portada\",\"item\":\"https:\/\/asb-latam.org\/\"},{\"@type\":\"ListItem\",\"position\":2,\"name\":\"Nuestras experiencias en materia de inclusi\u00f3n\"}]},{\"@type\":\"WebSite\",\"@id\":\"https:\/\/asb-latam.org\/#website\",\"url\":\"https:\/\/asb-latam.org\/\",\"name\":\"ASB Am\u00e9rica Latina\",\"description\":\"Ayudamos aqu\u00ed y ahora\",\"potentialAction\":[{\"@type\":\"SearchAction\",\"target\":{\"@type\":\"EntryPoint\",\"urlTemplate\":\"https:\/\/asb-latam.org\/?s={search_term_string}\"},\"query-input\":{\"@type\":\"PropertyValueSpecification\",\"valueRequired\":true,\"valueName\":\"search_term_string\"}}],\"inLanguage\":\"en-US\"},{\"@type\":\"Person\",\"@id\":\"https:\/\/asb-latam.org\/#\/schema\/person\/38f9fa7875be1067361477d056ec1670\",\"name\":\"Olmedo Morales\",\"image\":{\"@type\":\"ImageObject\",\"inLanguage\":\"en-US\",\"@id\":\"https:\/\/secure.gravatar.com\/avatar\/4aa165ff7f1d00dd1a86a95c1811131f59f71d6f33063152cd7facb1945185a9?s=96&d=mm&r=g\",\"url\":\"https:\/\/secure.gravatar.com\/avatar\/4aa165ff7f1d00dd1a86a95c1811131f59f71d6f33063152cd7facb1945185a9?s=96&d=mm&r=g\",\"contentUrl\":\"https:\/\/secure.gravatar.com\/avatar\/4aa165ff7f1d00dd1a86a95c1811131f59f71d6f33063152cd7facb1945185a9?s=96&d=mm&r=g\",\"caption\":\"Olmedo Morales\"},\"url\":\"https:\/\/asb-latam.org\/en\/author\/sabine\/\"}]}<\/script>\n<!-- \/ Yoast SEO plugin. -->","yoast_head_json":{"title":"Nuestras experiencias en materia de inclusi\u00f3n - ASB Am\u00e9rica Latina","robots":{"index":"index","follow":"follow","max-snippet":"max-snippet:-1","max-image-preview":"max-image-preview:large","max-video-preview":"max-video-preview:-1"},"canonical":"https:\/\/asb-latam.org\/en\/nuestras-experiencias-en-materia-de-inclusion\/","og_locale":"en_US","og_type":"article","og_title":"Nuestras experiencias en materia de inclusi\u00f3n - ASB Am\u00e9rica Latina","og_description":"Con la publicaci\u00f3n de la sistematizaci\u00f3n de proyectos piloto y experiencias significativas del proyecto \u00abInclusi\u00f3n de Personas con [&hellip;]","og_url":"https:\/\/asb-latam.org\/en\/nuestras-experiencias-en-materia-de-inclusion\/","og_site_name":"ASB Am\u00e9rica Latina","article_published_time":"2019-10-03T17:45:31+00:00","article_modified_time":"2020-06-17T16:05:28+00:00","og_image":[{"width":1500,"height":1000,"url":"https:\/\/migration.asb-latam.org\/wp-content\/uploads\/2019\/11\/DSC_0279.jpg","type":"image\/jpeg"}],"author":"Olmedo Morales","twitter_card":"summary_large_image","twitter_misc":{"Written by":"Olmedo Morales","Est. reading time":"2 minutes"},"schema":{"@context":"https:\/\/schema.org","@graph":[{"@type":"Article","@id":"https:\/\/asb-latam.org\/en\/nuestras-experiencias-en-materia-de-inclusion\/#article","isPartOf":{"@id":"https:\/\/asb-latam.org\/en\/nuestras-experiencias-en-materia-de-inclusion\/"},"author":{"name":"Olmedo Morales","@id":"https:\/\/asb-latam.org\/#\/schema\/person\/38f9fa7875be1067361477d056ec1670"},"headline":"Nuestras experiencias en materia de inclusi\u00f3n","datePublished":"2019-10-03T17:45:31+00:00","dateModified":"2020-06-17T16:05:28+00:00","mainEntityOfPage":{"@id":"https:\/\/asb-latam.org\/en\/nuestras-experiencias-en-materia-de-inclusion\/"},"wordCount":430,"commentCount":0,"image":{"@id":"https:\/\/asb-latam.org\/en\/nuestras-experiencias-en-materia-de-inclusion\/#primaryimage"},"thumbnailUrl":"https:\/\/asb-latam.org\/wp-content\/uploads\/2019\/11\/DSC_0279.jpg","articleSection":["Desastre","Discapacidad","Emergencia","Gestion del Riesgo de Desastres","Gesti\u00f3n inclusiva del riesgo","Lenguaje de se\u00f1as"],"inLanguage":"en-US","potentialAction":[{"@type":"CommentAction","name":"Comment","target":["https:\/\/asb-latam.org\/en\/nuestras-experiencias-en-materia-de-inclusion\/#respond"]}]},{"@type":"WebPage","@id":"https:\/\/asb-latam.org\/en\/nuestras-experiencias-en-materia-de-inclusion\/","url":"https:\/\/asb-latam.org\/en\/nuestras-experiencias-en-materia-de-inclusion\/","name":"Nuestras experiencias en materia de inclusi\u00f3n - ASB Am\u00e9rica Latina","isPartOf":{"@id":"https:\/\/asb-latam.org\/#website"},"primaryImageOfPage":{"@id":"https:\/\/asb-latam.org\/en\/nuestras-experiencias-en-materia-de-inclusion\/#primaryimage"},"image":{"@id":"https:\/\/asb-latam.org\/en\/nuestras-experiencias-en-materia-de-inclusion\/#primaryimage"},"thumbnailUrl":"https:\/\/asb-latam.org\/wp-content\/uploads\/2019\/11\/DSC_0279.jpg","datePublished":"2019-10-03T17:45:31+00:00","dateModified":"2020-06-17T16:05:28+00:00","author":{"@id":"https:\/\/asb-latam.org\/#\/schema\/person\/38f9fa7875be1067361477d056ec1670"},"breadcrumb":{"@id":"https:\/\/asb-latam.org\/en\/nuestras-experiencias-en-materia-de-inclusion\/#breadcrumb"},"inLanguage":"en-US","potentialAction":[{"@type":"ReadAction","target":["https:\/\/asb-latam.org\/en\/nuestras-experiencias-en-materia-de-inclusion\/"]}]},{"@type":"ImageObject","inLanguage":"en-US","@id":"https:\/\/asb-latam.org\/en\/nuestras-experiencias-en-materia-de-inclusion\/#primaryimage","url":"https:\/\/asb-latam.org\/wp-content\/uploads\/2019\/11\/DSC_0279.jpg","contentUrl":"https:\/\/asb-latam.org\/wp-content\/uploads\/2019\/11\/DSC_0279.jpg","width":1500,"height":1000},{"@type":"BreadcrumbList","@id":"https:\/\/asb-latam.org\/en\/nuestras-experiencias-en-materia-de-inclusion\/#breadcrumb","itemListElement":[{"@type":"ListItem","position":1,"name":"Portada","item":"https:\/\/asb-latam.org\/"},{"@type":"ListItem","position":2,"name":"Nuestras experiencias en materia de inclusi\u00f3n"}]},{"@type":"WebSite","@id":"https:\/\/asb-latam.org\/#website","url":"https:\/\/asb-latam.org\/","name":"ASB Am\u00e9rica Latina","description":"Ayudamos aqu\u00ed y ahora","potentialAction":[{"@type":"SearchAction","target":{"@type":"EntryPoint","urlTemplate":"https:\/\/asb-latam.org\/?s={search_term_string}"},"query-input":{"@type":"PropertyValueSpecification","valueRequired":true,"valueName":"search_term_string"}}],"inLanguage":"en-US"},{"@type":"Person","@id":"https:\/\/asb-latam.org\/#\/schema\/person\/38f9fa7875be1067361477d056ec1670","name":"Olmedo Morales","image":{"@type":"ImageObject","inLanguage":"en-US","@id":"https:\/\/secure.gravatar.com\/avatar\/4aa165ff7f1d00dd1a86a95c1811131f59f71d6f33063152cd7facb1945185a9?s=96&d=mm&r=g","url":"https:\/\/secure.gravatar.com\/avatar\/4aa165ff7f1d00dd1a86a95c1811131f59f71d6f33063152cd7facb1945185a9?s=96&d=mm&r=g","contentUrl":"https:\/\/secure.gravatar.com\/avatar\/4aa165ff7f1d00dd1a86a95c1811131f59f71d6f33063152cd7facb1945185a9?s=96&d=mm&r=g","caption":"Olmedo Morales"},"url":"https:\/\/asb-latam.org\/en\/author\/sabine\/"}]}},"_links":{"self":[{"href":"https:\/\/asb-latam.org\/en\/wp-json\/wp\/v2\/posts\/3987","targetHints":{"allow":["GET"]}}],"collection":[{"href":"https:\/\/asb-latam.org\/en\/wp-json\/wp\/v2\/posts"}],"about":[{"href":"https:\/\/asb-latam.org\/en\/wp-json\/wp\/v2\/types\/post"}],"author":[{"embeddable":true,"href":"https:\/\/asb-latam.org\/en\/wp-json\/wp\/v2\/users\/1"}],"replies":[{"embeddable":true,"href":"https:\/\/asb-latam.org\/en\/wp-json\/wp\/v2\/comments?post=3987"}],"version-history":[{"count":5,"href":"https:\/\/asb-latam.org\/en\/wp-json\/wp\/v2\/posts\/3987\/revisions"}],"predecessor-version":[{"id":4372,"href":"https:\/\/asb-latam.org\/en\/wp-json\/wp\/v2\/posts\/3987\/revisions\/4372"}],"wp:featuredmedia":[{"embeddable":true,"href":"https:\/\/asb-latam.org\/en\/wp-json\/wp\/v2\/media\/3963"}],"wp:attachment":[{"href":"https:\/\/asb-latam.org\/en\/wp-json\/wp\/v2\/media?parent=3987"}],"wp:term":[{"taxonomy":"category","embeddable":true,"href":"https:\/\/asb-latam.org\/en\/wp-json\/wp\/v2\/categories?post=3987"},{"taxonomy":"post_tag","embeddable":true,"href":"https:\/\/asb-latam.org\/en\/wp-json\/wp\/v2\/tags?post=3987"}],"curies":[{"name":"wp","href":"https:\/\/api.w.org\/{rel}","templated":true}]}}