{"id":555,"date":"2017-01-27T14:41:08","date_gmt":"2017-01-27T20:41:08","guid":{"rendered":"https:\/\/migration.asb-latam.org\/?p=555"},"modified":"2017-06-26T14:43:57","modified_gmt":"2017-06-26T20:43:57","slug":"asb-publica-evaluacion-del-estado-nutricional-la-seguridad-alimentaria-poblaciones-vulnerables-del-corredor-seco-centroamericano-volumen-i-guatemala","status":"publish","type":"post","link":"https:\/\/asb-latam.org\/en\/asb-publica-evaluacion-del-estado-nutricional-la-seguridad-alimentaria-poblaciones-vulnerables-del-corredor-seco-centroamericano-volumen-i-guatemala\/","title":{"rendered":"Seasonal hunger strikes vulnerable families in Guatemala's Dry Corridor once again"},"content":{"rendered":"<div id=\"content\" class=\"page-content clearfix\">\n<div class=\"region region-content\">\n<div id=\"node-1875444\" class=\"node node-report node-full node-page\">\n<div class=\"node-content clearfix\">\n<div class=\"field body\">\n<p>Despite the fact that most regions of Guatemala have registered a good harvest of basic grains for first season in 2016, a study of child malnutrition and food security carried out by ASB in 6 municipalities of the Guatemalan Dry Corridor reveals a worrying prevalence of global acute malnutrition (3.8% average, with one municipality at 9.1%) and the stock-outs of basic grains of most families (68% of families have stocks for less than 1 month), among several other alarming findings. This is due to the fact that for the fourth consecutive year these municipalities have registered significant losses in their crops due to irregular distribution and little accumulation of rain during critical periods.<\/p>\n<p>The diagnosis was based on the standardized monitoring and evaluation methodology in emergency and transition situations (SMART). It was held in September 2016, that is, at the end of the period of seasonal hunger, in the municipalities of Jocot\u00e1n, Camot\u00e1n, Chiquimula, Zacapa, Caba\u00f1as and Huit\u00e9 in the departments of Zacapa and Chiquimula in Guatemala. A total of 465 children under 5 and their families were surveyed, a representative sample of 426 rural communities in 6 rural municipalities with 211,363 inhabitants, of whom 170,101 were children under 5.<\/p>\n<p>In the areas evaluated, food assistance from third parties (Government, United Nations, national and international NGOs) in 2016 has been insufficient in terms of geographical coverage and in coverage period to meet the basic food needs of all food insecure families. Only 29.2% of the families assessed have received food aid (food or monetary aid).<\/p>\n<p>Based on the main findings of this study, and in line with FEWSNET forecasts, a food crisis (CIF, Level 3) is predicted for the period February to May 2017 in the communities of the municipalities evaluated in the framework of this study. Lower stocks of the primary maize crop, coupled with stock shortages accumulated over the past few years, will bring forward the onset of the hunger period from May\/June (normal year) to March\/April in 2017.<\/p>\n<p>The depletion of basic grain reserves that has been dragged out for 3-4 years as a result of consecutive droughts, cannot be recovered due to the acceptable post-harvest period at the end of 2016 and\/or the improved availability of seasonal work in the coffee harvest due to the lower incidence of rust observed this year.<\/p>\n<p>For the time period from June to September 2017, there may even be certain communities or areas in a food emergency (IPC, Level 4).<\/p>\n<p>The municipalities of Caba\u00f1as and Jocot\u00e1n require special attention, as they have indicators of global acute malnutrition above 5% in September 2016.<\/p>\n<p>To conclude, it is important to mention that there are underlying factors, as evidenced by: the poverty in which families live, the high prevalence of chronic malnutrition in children under 5 years of age (72.1%) and the phenomenon of seasonal hunger that reoccurs year after year to a greater or lesser extent, with or without drought, among others, which highlight the structural problem faced by families evaluated in order to achieve sustained and sustainable food security, beyond the situation of drought.<\/p>\n<p>Sustainable long-term food security will only be possible if structural factors are addressed in a multisectoral manner, in a joint effort between actors from the different sectors, public, private and civil society, as mentioned in the recommendations of this study.<\/p>\n<\/div>\n<\/div>\n<\/div>\n<\/div>\n<\/div>","protected":false},"excerpt":{"rendered":"<p>A pesar que la mayor\u00eda de las regiones de Guatemala ha registrado en el 2016 una buena cosecha [&hellip;]<\/p>\n","protected":false},"author":1,"featured_media":1948,"comment_status":"open","ping_status":"open","sticky":false,"template":"","format":"standard","meta":{"_acf_changed":false,"footnotes":""},"categories":[1],"tags":[14,16,17,18,15],"class_list":["post-555","post","type-post","status-publish","format-standard","has-post-thumbnail","hentry","category-sin-categoria","tag-desnutricion-aguda","tag-diagnostico-nutricional","tag-guatemala","tag-hambre-estacional","tag-seguridad-alimentaria"],"acf":[],"yoast_head":"<!-- This site is optimized with the Yoast SEO plugin v27.2 - https:\/\/yoast.com\/product\/yoast-seo-wordpress\/ -->\n<title>El hambre estacional azota otro a\u00f1o m\u00e1s a las familias vulnerables del Corredor Seco de Guatemala - ASB Am\u00e9rica Latina<\/title>\n<meta name=\"robots\" content=\"index, follow, max-snippet:-1, max-image-preview:large, max-video-preview:-1\" \/>\n<link rel=\"canonical\" href=\"https:\/\/asb-latam.org\/en\/asb-publica-evaluacion-del-estado-nutricional-la-seguridad-alimentaria-poblaciones-vulnerables-del-corredor-seco-centroamericano-volumen-i-guatemala\/\" \/>\n<meta property=\"og:locale\" content=\"en_US\" \/>\n<meta property=\"og:type\" content=\"article\" \/>\n<meta property=\"og:title\" content=\"El hambre estacional azota otro a\u00f1o m\u00e1s a las familias vulnerables del Corredor Seco de Guatemala - ASB Am\u00e9rica Latina\" \/>\n<meta property=\"og:description\" content=\"A pesar que la mayor\u00eda de las regiones de Guatemala ha registrado en el 2016 una buena cosecha [&hellip;]\" \/>\n<meta property=\"og:url\" content=\"https:\/\/asb-latam.org\/en\/asb-publica-evaluacion-del-estado-nutricional-la-seguridad-alimentaria-poblaciones-vulnerables-del-corredor-seco-centroamericano-volumen-i-guatemala\/\" \/>\n<meta property=\"og:site_name\" content=\"ASB Am\u00e9rica Latina\" \/>\n<meta property=\"article:published_time\" content=\"2017-01-27T20:41:08+00:00\" \/>\n<meta property=\"article:modified_time\" content=\"2017-06-26T20:43:57+00:00\" \/>\n<meta property=\"og:image\" content=\"https:\/\/migration.asb-latam.org\/wp-content\/uploads\/2017\/01\/El-hambre-estacional-azota-otro-a\u00f1o.jpg\" \/>\n\t<meta property=\"og:image:width\" content=\"1920\" \/>\n\t<meta property=\"og:image:height\" content=\"1080\" \/>\n\t<meta property=\"og:image:type\" content=\"image\/jpeg\" \/>\n<meta name=\"author\" content=\"Olmedo Morales\" \/>\n<meta name=\"twitter:card\" content=\"summary_large_image\" \/>\n<meta name=\"twitter:label1\" content=\"Written by\" \/>\n\t<meta name=\"twitter:data1\" content=\"Olmedo Morales\" \/>\n\t<meta name=\"twitter:label2\" content=\"Est. reading time\" \/>\n\t<meta name=\"twitter:data2\" content=\"3 minutes\" \/>\n<script type=\"application\/ld+json\" class=\"yoast-schema-graph\">{\"@context\":\"https:\/\/schema.org\",\"@graph\":[{\"@type\":\"Article\",\"@id\":\"https:\/\/asb-latam.org\/asb-publica-evaluacion-del-estado-nutricional-la-seguridad-alimentaria-poblaciones-vulnerables-del-corredor-seco-centroamericano-volumen-i-guatemala\/#article\",\"isPartOf\":{\"@id\":\"https:\/\/asb-latam.org\/asb-publica-evaluacion-del-estado-nutricional-la-seguridad-alimentaria-poblaciones-vulnerables-del-corredor-seco-centroamericano-volumen-i-guatemala\/\"},\"author\":{\"name\":\"Olmedo Morales\",\"@id\":\"https:\/\/asb-latam.org\/#\/schema\/person\/38f9fa7875be1067361477d056ec1670\"},\"headline\":\"El hambre estacional azota otro a\u00f1o m\u00e1s a las familias vulnerables del Corredor Seco de Guatemala\",\"datePublished\":\"2017-01-27T20:41:08+00:00\",\"dateModified\":\"2017-06-26T20:43:57+00:00\",\"mainEntityOfPage\":{\"@id\":\"https:\/\/asb-latam.org\/asb-publica-evaluacion-del-estado-nutricional-la-seguridad-alimentaria-poblaciones-vulnerables-del-corredor-seco-centroamericano-volumen-i-guatemala\/\"},\"wordCount\":644,\"commentCount\":0,\"image\":{\"@id\":\"https:\/\/asb-latam.org\/asb-publica-evaluacion-del-estado-nutricional-la-seguridad-alimentaria-poblaciones-vulnerables-del-corredor-seco-centroamericano-volumen-i-guatemala\/#primaryimage\"},\"thumbnailUrl\":\"https:\/\/asb-latam.org\/wp-content\/uploads\/2017\/01\/El-hambre-estacional-azota-otro-a\u00f1o.jpg\",\"keywords\":[\"Desnutrici\u00f3n aguda\",\"Diagn\u00f3stico Nutricional\",\"Guatemala\",\"Hambre estacional\",\"Seguridad Alimentaria\"],\"articleSection\":[\"Sin categor\u00eda\"],\"inLanguage\":\"en-US\",\"potentialAction\":[{\"@type\":\"CommentAction\",\"name\":\"Comment\",\"target\":[\"https:\/\/asb-latam.org\/asb-publica-evaluacion-del-estado-nutricional-la-seguridad-alimentaria-poblaciones-vulnerables-del-corredor-seco-centroamericano-volumen-i-guatemala\/#respond\"]}]},{\"@type\":\"WebPage\",\"@id\":\"https:\/\/asb-latam.org\/asb-publica-evaluacion-del-estado-nutricional-la-seguridad-alimentaria-poblaciones-vulnerables-del-corredor-seco-centroamericano-volumen-i-guatemala\/\",\"url\":\"https:\/\/asb-latam.org\/asb-publica-evaluacion-del-estado-nutricional-la-seguridad-alimentaria-poblaciones-vulnerables-del-corredor-seco-centroamericano-volumen-i-guatemala\/\",\"name\":\"El hambre estacional azota otro a\u00f1o m\u00e1s a las familias vulnerables del Corredor Seco de Guatemala - ASB Am\u00e9rica Latina\",\"isPartOf\":{\"@id\":\"https:\/\/asb-latam.org\/#website\"},\"primaryImageOfPage\":{\"@id\":\"https:\/\/asb-latam.org\/asb-publica-evaluacion-del-estado-nutricional-la-seguridad-alimentaria-poblaciones-vulnerables-del-corredor-seco-centroamericano-volumen-i-guatemala\/#primaryimage\"},\"image\":{\"@id\":\"https:\/\/asb-latam.org\/asb-publica-evaluacion-del-estado-nutricional-la-seguridad-alimentaria-poblaciones-vulnerables-del-corredor-seco-centroamericano-volumen-i-guatemala\/#primaryimage\"},\"thumbnailUrl\":\"https:\/\/asb-latam.org\/wp-content\/uploads\/2017\/01\/El-hambre-estacional-azota-otro-a\u00f1o.jpg\",\"datePublished\":\"2017-01-27T20:41:08+00:00\",\"dateModified\":\"2017-06-26T20:43:57+00:00\",\"author\":{\"@id\":\"https:\/\/asb-latam.org\/#\/schema\/person\/38f9fa7875be1067361477d056ec1670\"},\"breadcrumb\":{\"@id\":\"https:\/\/asb-latam.org\/asb-publica-evaluacion-del-estado-nutricional-la-seguridad-alimentaria-poblaciones-vulnerables-del-corredor-seco-centroamericano-volumen-i-guatemala\/#breadcrumb\"},\"inLanguage\":\"en-US\",\"potentialAction\":[{\"@type\":\"ReadAction\",\"target\":[\"https:\/\/asb-latam.org\/asb-publica-evaluacion-del-estado-nutricional-la-seguridad-alimentaria-poblaciones-vulnerables-del-corredor-seco-centroamericano-volumen-i-guatemala\/\"]}]},{\"@type\":\"ImageObject\",\"inLanguage\":\"en-US\",\"@id\":\"https:\/\/asb-latam.org\/asb-publica-evaluacion-del-estado-nutricional-la-seguridad-alimentaria-poblaciones-vulnerables-del-corredor-seco-centroamericano-volumen-i-guatemala\/#primaryimage\",\"url\":\"https:\/\/asb-latam.org\/wp-content\/uploads\/2017\/01\/El-hambre-estacional-azota-otro-a\u00f1o.jpg\",\"contentUrl\":\"https:\/\/asb-latam.org\/wp-content\/uploads\/2017\/01\/El-hambre-estacional-azota-otro-a\u00f1o.jpg\",\"width\":\"1920\",\"height\":\"1080\"},{\"@type\":\"BreadcrumbList\",\"@id\":\"https:\/\/asb-latam.org\/asb-publica-evaluacion-del-estado-nutricional-la-seguridad-alimentaria-poblaciones-vulnerables-del-corredor-seco-centroamericano-volumen-i-guatemala\/#breadcrumb\",\"itemListElement\":[{\"@type\":\"ListItem\",\"position\":1,\"name\":\"Portada\",\"item\":\"https:\/\/asb-latam.org\/\"},{\"@type\":\"ListItem\",\"position\":2,\"name\":\"El hambre estacional azota otro a\u00f1o m\u00e1s a las familias vulnerables del Corredor Seco de Guatemala\"}]},{\"@type\":\"WebSite\",\"@id\":\"https:\/\/asb-latam.org\/#website\",\"url\":\"https:\/\/asb-latam.org\/\",\"name\":\"ASB Am\u00e9rica Latina\",\"description\":\"Ayudamos aqu\u00ed y ahora\",\"potentialAction\":[{\"@type\":\"SearchAction\",\"target\":{\"@type\":\"EntryPoint\",\"urlTemplate\":\"https:\/\/asb-latam.org\/?s={search_term_string}\"},\"query-input\":{\"@type\":\"PropertyValueSpecification\",\"valueRequired\":true,\"valueName\":\"search_term_string\"}}],\"inLanguage\":\"en-US\"},{\"@type\":\"Person\",\"@id\":\"https:\/\/asb-latam.org\/#\/schema\/person\/38f9fa7875be1067361477d056ec1670\",\"name\":\"Olmedo Morales\",\"image\":{\"@type\":\"ImageObject\",\"inLanguage\":\"en-US\",\"@id\":\"https:\/\/secure.gravatar.com\/avatar\/4aa165ff7f1d00dd1a86a95c1811131f59f71d6f33063152cd7facb1945185a9?s=96&d=mm&r=g\",\"url\":\"https:\/\/secure.gravatar.com\/avatar\/4aa165ff7f1d00dd1a86a95c1811131f59f71d6f33063152cd7facb1945185a9?s=96&d=mm&r=g\",\"contentUrl\":\"https:\/\/secure.gravatar.com\/avatar\/4aa165ff7f1d00dd1a86a95c1811131f59f71d6f33063152cd7facb1945185a9?s=96&d=mm&r=g\",\"caption\":\"Olmedo Morales\"},\"url\":\"https:\/\/asb-latam.org\/en\/author\/sabine\/\"}]}<\/script>\n<!-- \/ Yoast SEO plugin. -->","yoast_head_json":{"title":"El hambre estacional azota otro a\u00f1o m\u00e1s a las familias vulnerables del Corredor Seco de Guatemala - ASB Am\u00e9rica Latina","robots":{"index":"index","follow":"follow","max-snippet":"max-snippet:-1","max-image-preview":"max-image-preview:large","max-video-preview":"max-video-preview:-1"},"canonical":"https:\/\/asb-latam.org\/en\/asb-publica-evaluacion-del-estado-nutricional-la-seguridad-alimentaria-poblaciones-vulnerables-del-corredor-seco-centroamericano-volumen-i-guatemala\/","og_locale":"en_US","og_type":"article","og_title":"El hambre estacional azota otro a\u00f1o m\u00e1s a las familias vulnerables del Corredor Seco de Guatemala - ASB Am\u00e9rica Latina","og_description":"A pesar que la mayor\u00eda de las regiones de Guatemala ha registrado en el 2016 una buena cosecha [&hellip;]","og_url":"https:\/\/asb-latam.org\/en\/asb-publica-evaluacion-del-estado-nutricional-la-seguridad-alimentaria-poblaciones-vulnerables-del-corredor-seco-centroamericano-volumen-i-guatemala\/","og_site_name":"ASB Am\u00e9rica Latina","article_published_time":"2017-01-27T20:41:08+00:00","article_modified_time":"2017-06-26T20:43:57+00:00","og_image":[{"width":1920,"height":1080,"url":"https:\/\/migration.asb-latam.org\/wp-content\/uploads\/2017\/01\/El-hambre-estacional-azota-otro-a\u00f1o.jpg","type":"image\/jpeg"}],"author":"Olmedo Morales","twitter_card":"summary_large_image","twitter_misc":{"Written by":"Olmedo Morales","Est. reading time":"3 minutes"},"schema":{"@context":"https:\/\/schema.org","@graph":[{"@type":"Article","@id":"https:\/\/asb-latam.org\/asb-publica-evaluacion-del-estado-nutricional-la-seguridad-alimentaria-poblaciones-vulnerables-del-corredor-seco-centroamericano-volumen-i-guatemala\/#article","isPartOf":{"@id":"https:\/\/asb-latam.org\/asb-publica-evaluacion-del-estado-nutricional-la-seguridad-alimentaria-poblaciones-vulnerables-del-corredor-seco-centroamericano-volumen-i-guatemala\/"},"author":{"name":"Olmedo Morales","@id":"https:\/\/asb-latam.org\/#\/schema\/person\/38f9fa7875be1067361477d056ec1670"},"headline":"El hambre estacional azota otro a\u00f1o m\u00e1s a las familias vulnerables del Corredor Seco de Guatemala","datePublished":"2017-01-27T20:41:08+00:00","dateModified":"2017-06-26T20:43:57+00:00","mainEntityOfPage":{"@id":"https:\/\/asb-latam.org\/asb-publica-evaluacion-del-estado-nutricional-la-seguridad-alimentaria-poblaciones-vulnerables-del-corredor-seco-centroamericano-volumen-i-guatemala\/"},"wordCount":644,"commentCount":0,"image":{"@id":"https:\/\/asb-latam.org\/asb-publica-evaluacion-del-estado-nutricional-la-seguridad-alimentaria-poblaciones-vulnerables-del-corredor-seco-centroamericano-volumen-i-guatemala\/#primaryimage"},"thumbnailUrl":"https:\/\/asb-latam.org\/wp-content\/uploads\/2017\/01\/El-hambre-estacional-azota-otro-a\u00f1o.jpg","keywords":["Desnutrici\u00f3n aguda","Diagn\u00f3stico Nutricional","Guatemala","Hambre estacional","Seguridad Alimentaria"],"articleSection":["Sin categor\u00eda"],"inLanguage":"en-US","potentialAction":[{"@type":"CommentAction","name":"Comment","target":["https:\/\/asb-latam.org\/asb-publica-evaluacion-del-estado-nutricional-la-seguridad-alimentaria-poblaciones-vulnerables-del-corredor-seco-centroamericano-volumen-i-guatemala\/#respond"]}]},{"@type":"WebPage","@id":"https:\/\/asb-latam.org\/asb-publica-evaluacion-del-estado-nutricional-la-seguridad-alimentaria-poblaciones-vulnerables-del-corredor-seco-centroamericano-volumen-i-guatemala\/","url":"https:\/\/asb-latam.org\/asb-publica-evaluacion-del-estado-nutricional-la-seguridad-alimentaria-poblaciones-vulnerables-del-corredor-seco-centroamericano-volumen-i-guatemala\/","name":"El hambre estacional azota otro a\u00f1o m\u00e1s a las familias vulnerables del Corredor Seco de Guatemala - ASB Am\u00e9rica Latina","isPartOf":{"@id":"https:\/\/asb-latam.org\/#website"},"primaryImageOfPage":{"@id":"https:\/\/asb-latam.org\/asb-publica-evaluacion-del-estado-nutricional-la-seguridad-alimentaria-poblaciones-vulnerables-del-corredor-seco-centroamericano-volumen-i-guatemala\/#primaryimage"},"image":{"@id":"https:\/\/asb-latam.org\/asb-publica-evaluacion-del-estado-nutricional-la-seguridad-alimentaria-poblaciones-vulnerables-del-corredor-seco-centroamericano-volumen-i-guatemala\/#primaryimage"},"thumbnailUrl":"https:\/\/asb-latam.org\/wp-content\/uploads\/2017\/01\/El-hambre-estacional-azota-otro-a\u00f1o.jpg","datePublished":"2017-01-27T20:41:08+00:00","dateModified":"2017-06-26T20:43:57+00:00","author":{"@id":"https:\/\/asb-latam.org\/#\/schema\/person\/38f9fa7875be1067361477d056ec1670"},"breadcrumb":{"@id":"https:\/\/asb-latam.org\/asb-publica-evaluacion-del-estado-nutricional-la-seguridad-alimentaria-poblaciones-vulnerables-del-corredor-seco-centroamericano-volumen-i-guatemala\/#breadcrumb"},"inLanguage":"en-US","potentialAction":[{"@type":"ReadAction","target":["https:\/\/asb-latam.org\/asb-publica-evaluacion-del-estado-nutricional-la-seguridad-alimentaria-poblaciones-vulnerables-del-corredor-seco-centroamericano-volumen-i-guatemala\/"]}]},{"@type":"ImageObject","inLanguage":"en-US","@id":"https:\/\/asb-latam.org\/asb-publica-evaluacion-del-estado-nutricional-la-seguridad-alimentaria-poblaciones-vulnerables-del-corredor-seco-centroamericano-volumen-i-guatemala\/#primaryimage","url":"https:\/\/asb-latam.org\/wp-content\/uploads\/2017\/01\/El-hambre-estacional-azota-otro-a\u00f1o.jpg","contentUrl":"https:\/\/asb-latam.org\/wp-content\/uploads\/2017\/01\/El-hambre-estacional-azota-otro-a\u00f1o.jpg","width":"1920","height":"1080"},{"@type":"BreadcrumbList","@id":"https:\/\/asb-latam.org\/asb-publica-evaluacion-del-estado-nutricional-la-seguridad-alimentaria-poblaciones-vulnerables-del-corredor-seco-centroamericano-volumen-i-guatemala\/#breadcrumb","itemListElement":[{"@type":"ListItem","position":1,"name":"Portada","item":"https:\/\/asb-latam.org\/"},{"@type":"ListItem","position":2,"name":"El hambre estacional azota otro a\u00f1o m\u00e1s a las familias vulnerables del Corredor Seco de Guatemala"}]},{"@type":"WebSite","@id":"https:\/\/asb-latam.org\/#website","url":"https:\/\/asb-latam.org\/","name":"ASB Am\u00e9rica Latina","description":"Ayudamos aqu\u00ed y ahora","potentialAction":[{"@type":"SearchAction","target":{"@type":"EntryPoint","urlTemplate":"https:\/\/asb-latam.org\/?s={search_term_string}"},"query-input":{"@type":"PropertyValueSpecification","valueRequired":true,"valueName":"search_term_string"}}],"inLanguage":"en-US"},{"@type":"Person","@id":"https:\/\/asb-latam.org\/#\/schema\/person\/38f9fa7875be1067361477d056ec1670","name":"Olmedo Morales","image":{"@type":"ImageObject","inLanguage":"en-US","@id":"https:\/\/secure.gravatar.com\/avatar\/4aa165ff7f1d00dd1a86a95c1811131f59f71d6f33063152cd7facb1945185a9?s=96&d=mm&r=g","url":"https:\/\/secure.gravatar.com\/avatar\/4aa165ff7f1d00dd1a86a95c1811131f59f71d6f33063152cd7facb1945185a9?s=96&d=mm&r=g","contentUrl":"https:\/\/secure.gravatar.com\/avatar\/4aa165ff7f1d00dd1a86a95c1811131f59f71d6f33063152cd7facb1945185a9?s=96&d=mm&r=g","caption":"Olmedo Morales"},"url":"https:\/\/asb-latam.org\/en\/author\/sabine\/"}]}},"_links":{"self":[{"href":"https:\/\/asb-latam.org\/en\/wp-json\/wp\/v2\/posts\/555","targetHints":{"allow":["GET"]}}],"collection":[{"href":"https:\/\/asb-latam.org\/en\/wp-json\/wp\/v2\/posts"}],"about":[{"href":"https:\/\/asb-latam.org\/en\/wp-json\/wp\/v2\/types\/post"}],"author":[{"embeddable":true,"href":"https:\/\/asb-latam.org\/en\/wp-json\/wp\/v2\/users\/1"}],"replies":[{"embeddable":true,"href":"https:\/\/asb-latam.org\/en\/wp-json\/wp\/v2\/comments?post=555"}],"version-history":[{"count":18,"href":"https:\/\/asb-latam.org\/en\/wp-json\/wp\/v2\/posts\/555\/revisions"}],"predecessor-version":[{"id":2184,"href":"https:\/\/asb-latam.org\/en\/wp-json\/wp\/v2\/posts\/555\/revisions\/2184"}],"wp:featuredmedia":[{"embeddable":true,"href":"https:\/\/asb-latam.org\/en\/wp-json\/wp\/v2\/media\/1948"}],"wp:attachment":[{"href":"https:\/\/asb-latam.org\/en\/wp-json\/wp\/v2\/media?parent=555"}],"wp:term":[{"taxonomy":"category","embeddable":true,"href":"https:\/\/asb-latam.org\/en\/wp-json\/wp\/v2\/categories?post=555"},{"taxonomy":"post_tag","embeddable":true,"href":"https:\/\/asb-latam.org\/en\/wp-json\/wp\/v2\/tags?post=555"}],"curies":[{"name":"wp","href":"https:\/\/api.w.org\/{rel}","templated":true}]}}