{"id":6331,"date":"2022-11-24T10:08:53","date_gmt":"2022-11-24T16:08:53","guid":{"rendered":"https:\/\/asb-latam.org\/?p=6331"},"modified":"2022-12-06T12:04:25","modified_gmt":"2022-12-06T18:04:25","slug":"seguridad-alimentaria-resiliencia-y-cambio-climatico","status":"publish","type":"post","link":"https:\/\/asb-latam.org\/en\/seguridad-alimentaria-resiliencia-y-cambio-climatico\/","title":{"rendered":"Food Security, Resilience and Climate Change"},"content":{"rendered":"<p>A forum on \"Food Security, Resilience and Strategic Management in the face of Drought and Climate Change\" was held in southern Honduras in the city of Choluteca, with the participation of the Governor of the Department of Choluteca, local governments, several local, national and international organizations, as well as community-based organizations.<\/p>\n<p>The objective of the forum is based on presentations by experts in drought and food security so that the mayors of the area commit to generate policies on Climate Change, Food and Nutritional Security and Drought Management. It is also expected that a \"Proclamation\" will be signed.<\/p>\n<p>This event was held within the framework of the global program: \"Food Security for families affected by drought in Central America\" financed by the German Federal Ministry for Cooperation and Development, ASB and the Centro de Desarrollo Humano de Honduras (CDH) and Asociaci\u00f3n de Desarrollo Pespirense (ADEPES), in coordination with Mesa SAN - Region 13\/ Gulf of Fonseca.<\/p>","protected":false},"excerpt":{"rendered":"<p>The objective of the forum is based on presentations by experts in drought and food security so that the mayors of the area commit to generate policies on Climate Change, Food and Nutritional Security and Drought Management. It is also expected that a \"Proclamation\" will be signed.<\/p>","protected":false},"author":1,"featured_media":6332,"comment_status":"open","ping_status":"open","sticky":false,"template":"","format":"standard","meta":{"_acf_changed":false,"footnotes":""},"categories":[56,30,55],"tags":[],"class_list":["post-6331","post","type-post","status-publish","format-standard","has-post-thumbnail","hentry","category-centro-america","category-gestion-del-riesgo-de-desastres","category-sequia"],"acf":[],"yoast_head":"<!-- This site is optimized with the Yoast SEO plugin v27.2 - https:\/\/yoast.com\/product\/yoast-seo-wordpress\/ -->\n<title>Seguridad Alimentaria, Resiliencia y Cambio Clim\u00e1tico - ASB Am\u00e9rica Latina<\/title>\n<meta name=\"robots\" content=\"index, follow, max-snippet:-1, max-image-preview:large, max-video-preview:-1\" \/>\n<link rel=\"canonical\" href=\"https:\/\/asb-latam.org\/en\/seguridad-alimentaria-resiliencia-y-cambio-climatico\/\" \/>\n<meta property=\"og:locale\" content=\"en_US\" \/>\n<meta property=\"og:type\" content=\"article\" \/>\n<meta property=\"og:title\" content=\"Seguridad Alimentaria, Resiliencia y Cambio Clim\u00e1tico - ASB Am\u00e9rica Latina\" \/>\n<meta property=\"og:description\" content=\"El objetivo del foro se basa en las ponencias de expertos en sequ\u00eda y seguridad alimentaria con el fin de que los alcaldes de la zona se comprometan a generar pol\u00edticas en Cambio Clim\u00e1tico, Seguridad Alimentaria y Nutricional y Gesti\u00f3n de la Sequ\u00eda. As\u00ed tambi\u00e9n, se espera la firma de una \u201cProclama\u201d.\" \/>\n<meta property=\"og:url\" content=\"https:\/\/asb-latam.org\/en\/seguridad-alimentaria-resiliencia-y-cambio-climatico\/\" \/>\n<meta property=\"og:site_name\" content=\"ASB Am\u00e9rica Latina\" \/>\n<meta property=\"article:published_time\" content=\"2022-11-24T16:08:53+00:00\" \/>\n<meta property=\"article:modified_time\" content=\"2022-12-06T18:04:25+00:00\" \/>\n<meta property=\"og:image\" content=\"https:\/\/asb-latam.org\/wp-content\/uploads\/2022\/11\/WhatsApp-Image-2022-11-23-at-11.07.41-AM-e1669306183432.jpeg\" \/>\n\t<meta property=\"og:image:width\" content=\"1280\" \/>\n\t<meta property=\"og:image:height\" content=\"550\" \/>\n\t<meta property=\"og:image:type\" content=\"image\/jpeg\" \/>\n<meta name=\"author\" content=\"Olmedo Morales\" \/>\n<meta name=\"twitter:card\" content=\"summary_large_image\" \/>\n<meta name=\"twitter:label1\" content=\"Written by\" \/>\n\t<meta name=\"twitter:data1\" content=\"Olmedo Morales\" \/>\n\t<meta name=\"twitter:label2\" content=\"Est. reading time\" \/>\n\t<meta name=\"twitter:data2\" content=\"1 minute\" \/>\n<script type=\"application\/ld+json\" class=\"yoast-schema-graph\">{\"@context\":\"https:\/\/schema.org\",\"@graph\":[{\"@type\":\"Article\",\"@id\":\"https:\/\/asb-latam.org\/seguridad-alimentaria-resiliencia-y-cambio-climatico\/#article\",\"isPartOf\":{\"@id\":\"https:\/\/asb-latam.org\/seguridad-alimentaria-resiliencia-y-cambio-climatico\/\"},\"author\":{\"name\":\"Olmedo Morales\",\"@id\":\"https:\/\/asb-latam.org\/#\/schema\/person\/38f9fa7875be1067361477d056ec1670\"},\"headline\":\"Seguridad Alimentaria, Resiliencia y Cambio Clim\u00e1tico\",\"datePublished\":\"2022-11-24T16:08:53+00:00\",\"dateModified\":\"2022-12-06T18:04:25+00:00\",\"mainEntityOfPage\":{\"@id\":\"https:\/\/asb-latam.org\/seguridad-alimentaria-resiliencia-y-cambio-climatico\/\"},\"wordCount\":182,\"commentCount\":0,\"image\":{\"@id\":\"https:\/\/asb-latam.org\/seguridad-alimentaria-resiliencia-y-cambio-climatico\/#primaryimage\"},\"thumbnailUrl\":\"https:\/\/asb-latam.org\/wp-content\/uploads\/2022\/11\/WhatsApp-Image-2022-11-23-at-11.07.41-AM-e1669306183432.jpeg\",\"articleSection\":[\"Centro Am\u00e9rica\",\"Gestion del Riesgo de Desastres\",\"Sequ\u00eda\"],\"inLanguage\":\"en-US\",\"potentialAction\":[{\"@type\":\"CommentAction\",\"name\":\"Comment\",\"target\":[\"https:\/\/asb-latam.org\/seguridad-alimentaria-resiliencia-y-cambio-climatico\/#respond\"]}]},{\"@type\":\"WebPage\",\"@id\":\"https:\/\/asb-latam.org\/seguridad-alimentaria-resiliencia-y-cambio-climatico\/\",\"url\":\"https:\/\/asb-latam.org\/seguridad-alimentaria-resiliencia-y-cambio-climatico\/\",\"name\":\"Seguridad Alimentaria, Resiliencia y Cambio Clim\u00e1tico - ASB Am\u00e9rica Latina\",\"isPartOf\":{\"@id\":\"https:\/\/asb-latam.org\/#website\"},\"primaryImageOfPage\":{\"@id\":\"https:\/\/asb-latam.org\/seguridad-alimentaria-resiliencia-y-cambio-climatico\/#primaryimage\"},\"image\":{\"@id\":\"https:\/\/asb-latam.org\/seguridad-alimentaria-resiliencia-y-cambio-climatico\/#primaryimage\"},\"thumbnailUrl\":\"https:\/\/asb-latam.org\/wp-content\/uploads\/2022\/11\/WhatsApp-Image-2022-11-23-at-11.07.41-AM-e1669306183432.jpeg\",\"datePublished\":\"2022-11-24T16:08:53+00:00\",\"dateModified\":\"2022-12-06T18:04:25+00:00\",\"author\":{\"@id\":\"https:\/\/asb-latam.org\/#\/schema\/person\/38f9fa7875be1067361477d056ec1670\"},\"breadcrumb\":{\"@id\":\"https:\/\/asb-latam.org\/seguridad-alimentaria-resiliencia-y-cambio-climatico\/#breadcrumb\"},\"inLanguage\":\"en-US\",\"potentialAction\":[{\"@type\":\"ReadAction\",\"target\":[\"https:\/\/asb-latam.org\/seguridad-alimentaria-resiliencia-y-cambio-climatico\/\"]}]},{\"@type\":\"ImageObject\",\"inLanguage\":\"en-US\",\"@id\":\"https:\/\/asb-latam.org\/seguridad-alimentaria-resiliencia-y-cambio-climatico\/#primaryimage\",\"url\":\"https:\/\/asb-latam.org\/wp-content\/uploads\/2022\/11\/WhatsApp-Image-2022-11-23-at-11.07.41-AM-e1669306183432.jpeg\",\"contentUrl\":\"https:\/\/asb-latam.org\/wp-content\/uploads\/2022\/11\/WhatsApp-Image-2022-11-23-at-11.07.41-AM-e1669306183432.jpeg\",\"width\":1280,\"height\":550},{\"@type\":\"BreadcrumbList\",\"@id\":\"https:\/\/asb-latam.org\/seguridad-alimentaria-resiliencia-y-cambio-climatico\/#breadcrumb\",\"itemListElement\":[{\"@type\":\"ListItem\",\"position\":1,\"name\":\"Portada\",\"item\":\"https:\/\/asb-latam.org\/\"},{\"@type\":\"ListItem\",\"position\":2,\"name\":\"Seguridad Alimentaria, Resiliencia y Cambio Clim\u00e1tico\"}]},{\"@type\":\"WebSite\",\"@id\":\"https:\/\/asb-latam.org\/#website\",\"url\":\"https:\/\/asb-latam.org\/\",\"name\":\"ASB Am\u00e9rica Latina\",\"description\":\"Ayudamos aqu\u00ed y ahora\",\"potentialAction\":[{\"@type\":\"SearchAction\",\"target\":{\"@type\":\"EntryPoint\",\"urlTemplate\":\"https:\/\/asb-latam.org\/?s={search_term_string}\"},\"query-input\":{\"@type\":\"PropertyValueSpecification\",\"valueRequired\":true,\"valueName\":\"search_term_string\"}}],\"inLanguage\":\"en-US\"},{\"@type\":\"Person\",\"@id\":\"https:\/\/asb-latam.org\/#\/schema\/person\/38f9fa7875be1067361477d056ec1670\",\"name\":\"Olmedo Morales\",\"image\":{\"@type\":\"ImageObject\",\"inLanguage\":\"en-US\",\"@id\":\"https:\/\/secure.gravatar.com\/avatar\/4aa165ff7f1d00dd1a86a95c1811131f59f71d6f33063152cd7facb1945185a9?s=96&d=mm&r=g\",\"url\":\"https:\/\/secure.gravatar.com\/avatar\/4aa165ff7f1d00dd1a86a95c1811131f59f71d6f33063152cd7facb1945185a9?s=96&d=mm&r=g\",\"contentUrl\":\"https:\/\/secure.gravatar.com\/avatar\/4aa165ff7f1d00dd1a86a95c1811131f59f71d6f33063152cd7facb1945185a9?s=96&d=mm&r=g\",\"caption\":\"Olmedo Morales\"},\"url\":\"https:\/\/asb-latam.org\/en\/author\/sabine\/\"}]}<\/script>\n<!-- \/ Yoast SEO plugin. -->","yoast_head_json":{"title":"Seguridad Alimentaria, Resiliencia y Cambio Clim\u00e1tico - ASB Am\u00e9rica Latina","robots":{"index":"index","follow":"follow","max-snippet":"max-snippet:-1","max-image-preview":"max-image-preview:large","max-video-preview":"max-video-preview:-1"},"canonical":"https:\/\/asb-latam.org\/en\/seguridad-alimentaria-resiliencia-y-cambio-climatico\/","og_locale":"en_US","og_type":"article","og_title":"Seguridad Alimentaria, Resiliencia y Cambio Clim\u00e1tico - ASB Am\u00e9rica Latina","og_description":"El objetivo del foro se basa en las ponencias de expertos en sequ\u00eda y seguridad alimentaria con el fin de que los alcaldes de la zona se comprometan a generar pol\u00edticas en Cambio Clim\u00e1tico, Seguridad Alimentaria y Nutricional y Gesti\u00f3n de la Sequ\u00eda. As\u00ed tambi\u00e9n, se espera la firma de una \u201cProclama\u201d.","og_url":"https:\/\/asb-latam.org\/en\/seguridad-alimentaria-resiliencia-y-cambio-climatico\/","og_site_name":"ASB Am\u00e9rica Latina","article_published_time":"2022-11-24T16:08:53+00:00","article_modified_time":"2022-12-06T18:04:25+00:00","og_image":[{"width":1280,"height":550,"url":"https:\/\/asb-latam.org\/wp-content\/uploads\/2022\/11\/WhatsApp-Image-2022-11-23-at-11.07.41-AM-e1669306183432.jpeg","type":"image\/jpeg"}],"author":"Olmedo Morales","twitter_card":"summary_large_image","twitter_misc":{"Written by":"Olmedo Morales","Est. reading time":"1 minute"},"schema":{"@context":"https:\/\/schema.org","@graph":[{"@type":"Article","@id":"https:\/\/asb-latam.org\/seguridad-alimentaria-resiliencia-y-cambio-climatico\/#article","isPartOf":{"@id":"https:\/\/asb-latam.org\/seguridad-alimentaria-resiliencia-y-cambio-climatico\/"},"author":{"name":"Olmedo Morales","@id":"https:\/\/asb-latam.org\/#\/schema\/person\/38f9fa7875be1067361477d056ec1670"},"headline":"Seguridad Alimentaria, Resiliencia y Cambio Clim\u00e1tico","datePublished":"2022-11-24T16:08:53+00:00","dateModified":"2022-12-06T18:04:25+00:00","mainEntityOfPage":{"@id":"https:\/\/asb-latam.org\/seguridad-alimentaria-resiliencia-y-cambio-climatico\/"},"wordCount":182,"commentCount":0,"image":{"@id":"https:\/\/asb-latam.org\/seguridad-alimentaria-resiliencia-y-cambio-climatico\/#primaryimage"},"thumbnailUrl":"https:\/\/asb-latam.org\/wp-content\/uploads\/2022\/11\/WhatsApp-Image-2022-11-23-at-11.07.41-AM-e1669306183432.jpeg","articleSection":["Centro Am\u00e9rica","Gestion del Riesgo de Desastres","Sequ\u00eda"],"inLanguage":"en-US","potentialAction":[{"@type":"CommentAction","name":"Comment","target":["https:\/\/asb-latam.org\/seguridad-alimentaria-resiliencia-y-cambio-climatico\/#respond"]}]},{"@type":"WebPage","@id":"https:\/\/asb-latam.org\/seguridad-alimentaria-resiliencia-y-cambio-climatico\/","url":"https:\/\/asb-latam.org\/seguridad-alimentaria-resiliencia-y-cambio-climatico\/","name":"Seguridad Alimentaria, Resiliencia y Cambio Clim\u00e1tico - ASB Am\u00e9rica Latina","isPartOf":{"@id":"https:\/\/asb-latam.org\/#website"},"primaryImageOfPage":{"@id":"https:\/\/asb-latam.org\/seguridad-alimentaria-resiliencia-y-cambio-climatico\/#primaryimage"},"image":{"@id":"https:\/\/asb-latam.org\/seguridad-alimentaria-resiliencia-y-cambio-climatico\/#primaryimage"},"thumbnailUrl":"https:\/\/asb-latam.org\/wp-content\/uploads\/2022\/11\/WhatsApp-Image-2022-11-23-at-11.07.41-AM-e1669306183432.jpeg","datePublished":"2022-11-24T16:08:53+00:00","dateModified":"2022-12-06T18:04:25+00:00","author":{"@id":"https:\/\/asb-latam.org\/#\/schema\/person\/38f9fa7875be1067361477d056ec1670"},"breadcrumb":{"@id":"https:\/\/asb-latam.org\/seguridad-alimentaria-resiliencia-y-cambio-climatico\/#breadcrumb"},"inLanguage":"en-US","potentialAction":[{"@type":"ReadAction","target":["https:\/\/asb-latam.org\/seguridad-alimentaria-resiliencia-y-cambio-climatico\/"]}]},{"@type":"ImageObject","inLanguage":"en-US","@id":"https:\/\/asb-latam.org\/seguridad-alimentaria-resiliencia-y-cambio-climatico\/#primaryimage","url":"https:\/\/asb-latam.org\/wp-content\/uploads\/2022\/11\/WhatsApp-Image-2022-11-23-at-11.07.41-AM-e1669306183432.jpeg","contentUrl":"https:\/\/asb-latam.org\/wp-content\/uploads\/2022\/11\/WhatsApp-Image-2022-11-23-at-11.07.41-AM-e1669306183432.jpeg","width":1280,"height":550},{"@type":"BreadcrumbList","@id":"https:\/\/asb-latam.org\/seguridad-alimentaria-resiliencia-y-cambio-climatico\/#breadcrumb","itemListElement":[{"@type":"ListItem","position":1,"name":"Portada","item":"https:\/\/asb-latam.org\/"},{"@type":"ListItem","position":2,"name":"Seguridad Alimentaria, Resiliencia y Cambio Clim\u00e1tico"}]},{"@type":"WebSite","@id":"https:\/\/asb-latam.org\/#website","url":"https:\/\/asb-latam.org\/","name":"ASB Am\u00e9rica Latina","description":"Ayudamos aqu\u00ed y ahora","potentialAction":[{"@type":"SearchAction","target":{"@type":"EntryPoint","urlTemplate":"https:\/\/asb-latam.org\/?s={search_term_string}"},"query-input":{"@type":"PropertyValueSpecification","valueRequired":true,"valueName":"search_term_string"}}],"inLanguage":"en-US"},{"@type":"Person","@id":"https:\/\/asb-latam.org\/#\/schema\/person\/38f9fa7875be1067361477d056ec1670","name":"Olmedo Morales","image":{"@type":"ImageObject","inLanguage":"en-US","@id":"https:\/\/secure.gravatar.com\/avatar\/4aa165ff7f1d00dd1a86a95c1811131f59f71d6f33063152cd7facb1945185a9?s=96&d=mm&r=g","url":"https:\/\/secure.gravatar.com\/avatar\/4aa165ff7f1d00dd1a86a95c1811131f59f71d6f33063152cd7facb1945185a9?s=96&d=mm&r=g","contentUrl":"https:\/\/secure.gravatar.com\/avatar\/4aa165ff7f1d00dd1a86a95c1811131f59f71d6f33063152cd7facb1945185a9?s=96&d=mm&r=g","caption":"Olmedo Morales"},"url":"https:\/\/asb-latam.org\/en\/author\/sabine\/"}]}},"_links":{"self":[{"href":"https:\/\/asb-latam.org\/en\/wp-json\/wp\/v2\/posts\/6331","targetHints":{"allow":["GET"]}}],"collection":[{"href":"https:\/\/asb-latam.org\/en\/wp-json\/wp\/v2\/posts"}],"about":[{"href":"https:\/\/asb-latam.org\/en\/wp-json\/wp\/v2\/types\/post"}],"author":[{"embeddable":true,"href":"https:\/\/asb-latam.org\/en\/wp-json\/wp\/v2\/users\/1"}],"replies":[{"embeddable":true,"href":"https:\/\/asb-latam.org\/en\/wp-json\/wp\/v2\/comments?post=6331"}],"version-history":[{"count":1,"href":"https:\/\/asb-latam.org\/en\/wp-json\/wp\/v2\/posts\/6331\/revisions"}],"predecessor-version":[{"id":6333,"href":"https:\/\/asb-latam.org\/en\/wp-json\/wp\/v2\/posts\/6331\/revisions\/6333"}],"wp:featuredmedia":[{"embeddable":true,"href":"https:\/\/asb-latam.org\/en\/wp-json\/wp\/v2\/media\/6332"}],"wp:attachment":[{"href":"https:\/\/asb-latam.org\/en\/wp-json\/wp\/v2\/media?parent=6331"}],"wp:term":[{"taxonomy":"category","embeddable":true,"href":"https:\/\/asb-latam.org\/en\/wp-json\/wp\/v2\/categories?post=6331"},{"taxonomy":"post_tag","embeddable":true,"href":"https:\/\/asb-latam.org\/en\/wp-json\/wp\/v2\/tags?post=6331"}],"curies":[{"name":"wp","href":"https:\/\/api.w.org\/{rel}","templated":true}]}}