{"id":6630,"date":"2023-09-21T13:42:08","date_gmt":"2023-09-21T19:42:08","guid":{"rendered":"https:\/\/asb-latam.org\/?p=6630"},"modified":"2023-09-21T14:06:09","modified_gmt":"2023-09-21T20:06:09","slug":"mi-aspiracion-es-crear-empleo-para-personas-con-discapacidad","status":"publish","type":"post","link":"https:\/\/asb-latam.org\/en\/mi-aspiracion-es-crear-empleo-para-personas-con-discapacidad\/","title":{"rendered":"\u201cMi aspiraci\u00f3n es crear empleo para personas con discapacidad\u201d"},"content":{"rendered":"<p>Cuando Bel\u00e9n Hern\u00e1ndez Peralta naci\u00f3, su pron\u00f3stico de vida era de tres d\u00edas m\u00e1ximo. Esta conclusi\u00f3n se sustent\u00f3 en un diagn\u00f3stico de espina b\u00edfida m\u00e1s complicaciones de salud varias que surgieron posterior al parto. Sin embargo, treintai\u00fan a\u00f1os despu\u00e9s, la vida de Bel\u00e9n transcurre entre sus estudios, su activismo por los derechos humanos de las personas con discapacidad y su emprendimiento.<\/p>\n<p>Bel\u00e9n vive en la ciudad de Chiquimula, cabecera municipal del departamento del mismo nombre, ubicada a 170 kil\u00f3metros al oeste de la capital de Guatemala. Es propietaria de B\u2019Shine, un emprendimiento que, en sus palabras, ofrece \u201cjoyas de lujo que dan prestigio a quien las compre, con precios al alcance de cualquier bolsillo\u201d.<\/p>\n<p>Bel\u00e9n explica que B\u2019Shine fue creada hace cuatro a\u00f1os como una forma de autoempleo, despu\u00e9s de varios a\u00f1os de b\u00fasqueda infructuosa de trabajo formal. El reto no ha sido f\u00e1cil; las limitaciones que implica impulsar un emprendimiento con poco capital y desconocimiento de temas financieros, se sumaron a las barreas sociales y f\u00edsicas que diariamente enfrenta debido a su condici\u00f3n de discapacidad.<\/p>\n<p>Este peque\u00f1o negocio recibi\u00f3 capital semilla del proyecto SOL (Sembrando Oportunidades Locales), financiado por el <a href=\"https:\/\/www.bmz.de\/en\">Ministerio de Federal de Cooperaci\u00f3n Econ\u00f3mica y Desarrollo (BMZ)<\/a> de Alemania, a trav\u00e9s de ASB Am\u00e9rica Latina; e implementado por<a href=\"https:\/\/ayudaenaccion.org\/\"> Ayuda en Acci\u00f3n<\/a> en El Salvador, Guatemala y Honduras, junto al <a href=\"http:\/\/insami.foundation\/\">Instituto Salvadore\u00f1o del Migrante (INSAMI)<\/a>; <a href=\"https:\/\/movilidadhumana.com\/\">Pastoral de Movilidad Humana de Guatemala<\/a> y el <a href=\"https:\/\/ocdih.org\/\">Organismo Cristiano para el Desarrollo Integral<\/a> de Honduras (OCDIH).<\/p>\n<p>El proyecto SOL se implementa en 12 municipios del trifinio del <a href=\"https:\/\/www.sica.int\/trifinio\/r_breve.aspx\">Tri\u00e1ngulo Norte de Centroam\u00e9rica (Honduras \u2013 Guatemala \u2013 El Salvador)<\/a>, con el prop\u00f3sito de contribuir a la disminuci\u00f3n de la migraci\u00f3n mediante la creaci\u00f3n de nuevas perspectivas de permanencia tales como generaci\u00f3n de empleo digno, creaci\u00f3n de emprendimientos, formaci\u00f3n ocupacional y cultura de paz.<\/p>\n<p>Bel\u00e9n explica que recibi\u00f3 capital semilla en dos ocasiones; la primera, de materia prima para dotar a su emprendimiento; y en la segunda ocasi\u00f3n, obtuvo 3,000 quetzales (380 d\u00f3lares aproximadamente) para invertir en infraestructura.<\/p>\n<blockquote><p>\u201cHe invertido mi capital semilla para impulsar mi emprendimiento pero cualquier capacitaci\u00f3n o apoyo en formaci\u00f3n para emprendimientos es bienvenida. Me interesa todo aquello que sea fortalecimiento en aspectos administrativos y financieros\u201d.<\/p><\/blockquote>\n<p>Bel\u00e9n tambi\u00e9n es promotora de derechos humanos de las personas con discapacidad en Chiquimula y forma parte de la Comisi\u00f3n Departamental para Personas con Discapacidad, espacio p\u00fablico de incidencia para la creaci\u00f3n de oportunidades laborales para personas con discapacidad. Bel\u00e9n tambi\u00e9n represent\u00f3 a su departamento en el certamen de belleza inclusiva <em>Miss Wheelchair Guatemala<\/em> en 2019.<\/p>\n<p>Aunque el emprendimiento todav\u00eda no garantiza la independencia econ\u00f3mica de Bel\u00e9n, esta emprendedora mantiene su meta: \u201cMi aspiraci\u00f3n es crear empleo para personas con discapacidad\u201d, comenta.<\/p>\n<p>En cuanto a los emprendimientos, a diciembre 2022, el programa SOL ha entregado el capital semilla a 53 emprendimientos (11 en Honduras, 14 en El Salvador y 28 en Guatemala). En el transcurso de 2023, se ha entregado capital semilla en Honduras y El Salvador. A la fecha, se han creado 130 puestos de autoempleo y se brinda asesor\u00eda t\u00e9cnica y seguimiento a los emprendimientos creados.<\/p>\n<p>En Guatemala, Honduras y El Salvador, respectivamente el 93%, el 100% y el 50% de los emprendimientos apoyados son iniciativas de j\u00f3venes y mujeres., como el de Bel\u00e9n.<\/p>","protected":false},"excerpt":{"rendered":"<p>Cuando Bel\u00e9n Hern\u00e1ndez Peralta naci\u00f3, su pron\u00f3stico de vida era de tres d\u00edas m\u00e1ximo. Esta conclusi\u00f3n se sustent\u00f3 [&hellip;]<\/p>\n","protected":false},"author":1,"featured_media":6631,"comment_status":"open","ping_status":"open","sticky":false,"template":"","format":"standard","meta":{"_acf_changed":false,"footnotes":""},"categories":[56,77,29,85,1,82],"tags":[],"class_list":["post-6630","post","type-post","status-publish","format-standard","has-post-thumbnail","hentry","category-centro-america","category-derecho-a-una-vida-autodeterminada","category-discapacidad","category-guatemala","category-sin-categoria","category-trifinio"],"acf":[],"yoast_head":"<!-- This site is optimized with the Yoast SEO plugin v27.2 - https:\/\/yoast.com\/product\/yoast-seo-wordpress\/ -->\n<title>\u201cMi aspiraci\u00f3n es crear empleo para personas con discapacidad\u201d - ASB Am\u00e9rica Latina<\/title>\n<meta name=\"robots\" content=\"index, follow, max-snippet:-1, max-image-preview:large, max-video-preview:-1\" \/>\n<link rel=\"canonical\" href=\"https:\/\/asb-latam.org\/en\/mi-aspiracion-es-crear-empleo-para-personas-con-discapacidad\/\" \/>\n<meta property=\"og:locale\" content=\"en_US\" \/>\n<meta property=\"og:type\" content=\"article\" \/>\n<meta property=\"og:title\" content=\"\u201cMi aspiraci\u00f3n es crear empleo para personas con discapacidad\u201d - ASB Am\u00e9rica Latina\" \/>\n<meta property=\"og:description\" content=\"Cuando Bel\u00e9n Hern\u00e1ndez Peralta naci\u00f3, su pron\u00f3stico de vida era de tres d\u00edas m\u00e1ximo. Esta conclusi\u00f3n se sustent\u00f3 [&hellip;]\" \/>\n<meta property=\"og:url\" content=\"https:\/\/asb-latam.org\/en\/mi-aspiracion-es-crear-empleo-para-personas-con-discapacidad\/\" \/>\n<meta property=\"og:site_name\" content=\"ASB Am\u00e9rica Latina\" \/>\n<meta property=\"article:published_time\" content=\"2023-09-21T19:42:08+00:00\" \/>\n<meta property=\"article:modified_time\" content=\"2023-09-21T20:06:09+00:00\" \/>\n<meta property=\"og:image\" content=\"https:\/\/asb-latam.org\/wp-content\/uploads\/2023\/09\/Imagen-de-WhatsApp-2023-08-30-a-las-11.29.33.jpg\" \/>\n\t<meta property=\"og:image:width\" content=\"625\" \/>\n\t<meta property=\"og:image:height\" content=\"907\" \/>\n\t<meta property=\"og:image:type\" content=\"image\/jpeg\" \/>\n<meta name=\"author\" content=\"Olmedo Morales\" \/>\n<meta name=\"twitter:card\" content=\"summary_large_image\" \/>\n<meta name=\"twitter:label1\" content=\"Written by\" \/>\n\t<meta name=\"twitter:data1\" content=\"Olmedo Morales\" \/>\n\t<meta name=\"twitter:label2\" content=\"Est. reading time\" \/>\n\t<meta name=\"twitter:data2\" content=\"3 minutes\" \/>\n<script type=\"application\/ld+json\" class=\"yoast-schema-graph\">{\"@context\":\"https:\/\/schema.org\",\"@graph\":[{\"@type\":\"Article\",\"@id\":\"https:\/\/asb-latam.org\/mi-aspiracion-es-crear-empleo-para-personas-con-discapacidad\/#article\",\"isPartOf\":{\"@id\":\"https:\/\/asb-latam.org\/mi-aspiracion-es-crear-empleo-para-personas-con-discapacidad\/\"},\"author\":{\"name\":\"Olmedo Morales\",\"@id\":\"https:\/\/asb-latam.org\/#\/schema\/person\/38f9fa7875be1067361477d056ec1670\"},\"headline\":\"\u201cMi aspiraci\u00f3n es crear empleo para personas con discapacidad\u201d\",\"datePublished\":\"2023-09-21T19:42:08+00:00\",\"dateModified\":\"2023-09-21T20:06:09+00:00\",\"mainEntityOfPage\":{\"@id\":\"https:\/\/asb-latam.org\/mi-aspiracion-es-crear-empleo-para-personas-con-discapacidad\/\"},\"wordCount\":595,\"commentCount\":0,\"image\":{\"@id\":\"https:\/\/asb-latam.org\/mi-aspiracion-es-crear-empleo-para-personas-con-discapacidad\/#primaryimage\"},\"thumbnailUrl\":\"https:\/\/asb-latam.org\/wp-content\/uploads\/2023\/09\/Imagen-de-WhatsApp-2023-08-30-a-las-11.29.33.jpg\",\"articleSection\":[\"Centro Am\u00e9rica\",\"Derecho a una vida autodeterminada\",\"Discapacidad\",\"Guatemala\",\"Sin categor\u00eda\",\"Trifinio\"],\"inLanguage\":\"en-US\",\"potentialAction\":[{\"@type\":\"CommentAction\",\"name\":\"Comment\",\"target\":[\"https:\/\/asb-latam.org\/mi-aspiracion-es-crear-empleo-para-personas-con-discapacidad\/#respond\"]}]},{\"@type\":\"WebPage\",\"@id\":\"https:\/\/asb-latam.org\/mi-aspiracion-es-crear-empleo-para-personas-con-discapacidad\/\",\"url\":\"https:\/\/asb-latam.org\/mi-aspiracion-es-crear-empleo-para-personas-con-discapacidad\/\",\"name\":\"\u201cMi aspiraci\u00f3n es crear empleo para personas con discapacidad\u201d - ASB Am\u00e9rica Latina\",\"isPartOf\":{\"@id\":\"https:\/\/asb-latam.org\/#website\"},\"primaryImageOfPage\":{\"@id\":\"https:\/\/asb-latam.org\/mi-aspiracion-es-crear-empleo-para-personas-con-discapacidad\/#primaryimage\"},\"image\":{\"@id\":\"https:\/\/asb-latam.org\/mi-aspiracion-es-crear-empleo-para-personas-con-discapacidad\/#primaryimage\"},\"thumbnailUrl\":\"https:\/\/asb-latam.org\/wp-content\/uploads\/2023\/09\/Imagen-de-WhatsApp-2023-08-30-a-las-11.29.33.jpg\",\"datePublished\":\"2023-09-21T19:42:08+00:00\",\"dateModified\":\"2023-09-21T20:06:09+00:00\",\"author\":{\"@id\":\"https:\/\/asb-latam.org\/#\/schema\/person\/38f9fa7875be1067361477d056ec1670\"},\"breadcrumb\":{\"@id\":\"https:\/\/asb-latam.org\/mi-aspiracion-es-crear-empleo-para-personas-con-discapacidad\/#breadcrumb\"},\"inLanguage\":\"en-US\",\"potentialAction\":[{\"@type\":\"ReadAction\",\"target\":[\"https:\/\/asb-latam.org\/mi-aspiracion-es-crear-empleo-para-personas-con-discapacidad\/\"]}]},{\"@type\":\"ImageObject\",\"inLanguage\":\"en-US\",\"@id\":\"https:\/\/asb-latam.org\/mi-aspiracion-es-crear-empleo-para-personas-con-discapacidad\/#primaryimage\",\"url\":\"https:\/\/asb-latam.org\/wp-content\/uploads\/2023\/09\/Imagen-de-WhatsApp-2023-08-30-a-las-11.29.33.jpg\",\"contentUrl\":\"https:\/\/asb-latam.org\/wp-content\/uploads\/2023\/09\/Imagen-de-WhatsApp-2023-08-30-a-las-11.29.33.jpg\",\"width\":625,\"height\":907},{\"@type\":\"BreadcrumbList\",\"@id\":\"https:\/\/asb-latam.org\/mi-aspiracion-es-crear-empleo-para-personas-con-discapacidad\/#breadcrumb\",\"itemListElement\":[{\"@type\":\"ListItem\",\"position\":1,\"name\":\"Portada\",\"item\":\"https:\/\/asb-latam.org\/\"},{\"@type\":\"ListItem\",\"position\":2,\"name\":\"\u201cMi aspiraci\u00f3n es crear empleo para personas con discapacidad\u201d\"}]},{\"@type\":\"WebSite\",\"@id\":\"https:\/\/asb-latam.org\/#website\",\"url\":\"https:\/\/asb-latam.org\/\",\"name\":\"ASB Am\u00e9rica Latina\",\"description\":\"Ayudamos aqu\u00ed y ahora\",\"potentialAction\":[{\"@type\":\"SearchAction\",\"target\":{\"@type\":\"EntryPoint\",\"urlTemplate\":\"https:\/\/asb-latam.org\/?s={search_term_string}\"},\"query-input\":{\"@type\":\"PropertyValueSpecification\",\"valueRequired\":true,\"valueName\":\"search_term_string\"}}],\"inLanguage\":\"en-US\"},{\"@type\":\"Person\",\"@id\":\"https:\/\/asb-latam.org\/#\/schema\/person\/38f9fa7875be1067361477d056ec1670\",\"name\":\"Olmedo Morales\",\"image\":{\"@type\":\"ImageObject\",\"inLanguage\":\"en-US\",\"@id\":\"https:\/\/secure.gravatar.com\/avatar\/4aa165ff7f1d00dd1a86a95c1811131f59f71d6f33063152cd7facb1945185a9?s=96&d=mm&r=g\",\"url\":\"https:\/\/secure.gravatar.com\/avatar\/4aa165ff7f1d00dd1a86a95c1811131f59f71d6f33063152cd7facb1945185a9?s=96&d=mm&r=g\",\"contentUrl\":\"https:\/\/secure.gravatar.com\/avatar\/4aa165ff7f1d00dd1a86a95c1811131f59f71d6f33063152cd7facb1945185a9?s=96&d=mm&r=g\",\"caption\":\"Olmedo Morales\"},\"url\":\"https:\/\/asb-latam.org\/en\/author\/sabine\/\"}]}<\/script>\n<!-- \/ Yoast SEO plugin. -->","yoast_head_json":{"title":"\u201cMi aspiraci\u00f3n es crear empleo para personas con discapacidad\u201d - ASB Am\u00e9rica Latina","robots":{"index":"index","follow":"follow","max-snippet":"max-snippet:-1","max-image-preview":"max-image-preview:large","max-video-preview":"max-video-preview:-1"},"canonical":"https:\/\/asb-latam.org\/en\/mi-aspiracion-es-crear-empleo-para-personas-con-discapacidad\/","og_locale":"en_US","og_type":"article","og_title":"\u201cMi aspiraci\u00f3n es crear empleo para personas con discapacidad\u201d - ASB Am\u00e9rica Latina","og_description":"Cuando Bel\u00e9n Hern\u00e1ndez Peralta naci\u00f3, su pron\u00f3stico de vida era de tres d\u00edas m\u00e1ximo. Esta conclusi\u00f3n se sustent\u00f3 [&hellip;]","og_url":"https:\/\/asb-latam.org\/en\/mi-aspiracion-es-crear-empleo-para-personas-con-discapacidad\/","og_site_name":"ASB Am\u00e9rica Latina","article_published_time":"2023-09-21T19:42:08+00:00","article_modified_time":"2023-09-21T20:06:09+00:00","og_image":[{"width":625,"height":907,"url":"https:\/\/asb-latam.org\/wp-content\/uploads\/2023\/09\/Imagen-de-WhatsApp-2023-08-30-a-las-11.29.33.jpg","type":"image\/jpeg"}],"author":"Olmedo Morales","twitter_card":"summary_large_image","twitter_misc":{"Written by":"Olmedo Morales","Est. reading time":"3 minutes"},"schema":{"@context":"https:\/\/schema.org","@graph":[{"@type":"Article","@id":"https:\/\/asb-latam.org\/mi-aspiracion-es-crear-empleo-para-personas-con-discapacidad\/#article","isPartOf":{"@id":"https:\/\/asb-latam.org\/mi-aspiracion-es-crear-empleo-para-personas-con-discapacidad\/"},"author":{"name":"Olmedo Morales","@id":"https:\/\/asb-latam.org\/#\/schema\/person\/38f9fa7875be1067361477d056ec1670"},"headline":"\u201cMi aspiraci\u00f3n es crear empleo para personas con discapacidad\u201d","datePublished":"2023-09-21T19:42:08+00:00","dateModified":"2023-09-21T20:06:09+00:00","mainEntityOfPage":{"@id":"https:\/\/asb-latam.org\/mi-aspiracion-es-crear-empleo-para-personas-con-discapacidad\/"},"wordCount":595,"commentCount":0,"image":{"@id":"https:\/\/asb-latam.org\/mi-aspiracion-es-crear-empleo-para-personas-con-discapacidad\/#primaryimage"},"thumbnailUrl":"https:\/\/asb-latam.org\/wp-content\/uploads\/2023\/09\/Imagen-de-WhatsApp-2023-08-30-a-las-11.29.33.jpg","articleSection":["Centro Am\u00e9rica","Derecho a una vida autodeterminada","Discapacidad","Guatemala","Sin categor\u00eda","Trifinio"],"inLanguage":"en-US","potentialAction":[{"@type":"CommentAction","name":"Comment","target":["https:\/\/asb-latam.org\/mi-aspiracion-es-crear-empleo-para-personas-con-discapacidad\/#respond"]}]},{"@type":"WebPage","@id":"https:\/\/asb-latam.org\/mi-aspiracion-es-crear-empleo-para-personas-con-discapacidad\/","url":"https:\/\/asb-latam.org\/mi-aspiracion-es-crear-empleo-para-personas-con-discapacidad\/","name":"\u201cMi aspiraci\u00f3n es crear empleo para personas con discapacidad\u201d - ASB Am\u00e9rica Latina","isPartOf":{"@id":"https:\/\/asb-latam.org\/#website"},"primaryImageOfPage":{"@id":"https:\/\/asb-latam.org\/mi-aspiracion-es-crear-empleo-para-personas-con-discapacidad\/#primaryimage"},"image":{"@id":"https:\/\/asb-latam.org\/mi-aspiracion-es-crear-empleo-para-personas-con-discapacidad\/#primaryimage"},"thumbnailUrl":"https:\/\/asb-latam.org\/wp-content\/uploads\/2023\/09\/Imagen-de-WhatsApp-2023-08-30-a-las-11.29.33.jpg","datePublished":"2023-09-21T19:42:08+00:00","dateModified":"2023-09-21T20:06:09+00:00","author":{"@id":"https:\/\/asb-latam.org\/#\/schema\/person\/38f9fa7875be1067361477d056ec1670"},"breadcrumb":{"@id":"https:\/\/asb-latam.org\/mi-aspiracion-es-crear-empleo-para-personas-con-discapacidad\/#breadcrumb"},"inLanguage":"en-US","potentialAction":[{"@type":"ReadAction","target":["https:\/\/asb-latam.org\/mi-aspiracion-es-crear-empleo-para-personas-con-discapacidad\/"]}]},{"@type":"ImageObject","inLanguage":"en-US","@id":"https:\/\/asb-latam.org\/mi-aspiracion-es-crear-empleo-para-personas-con-discapacidad\/#primaryimage","url":"https:\/\/asb-latam.org\/wp-content\/uploads\/2023\/09\/Imagen-de-WhatsApp-2023-08-30-a-las-11.29.33.jpg","contentUrl":"https:\/\/asb-latam.org\/wp-content\/uploads\/2023\/09\/Imagen-de-WhatsApp-2023-08-30-a-las-11.29.33.jpg","width":625,"height":907},{"@type":"BreadcrumbList","@id":"https:\/\/asb-latam.org\/mi-aspiracion-es-crear-empleo-para-personas-con-discapacidad\/#breadcrumb","itemListElement":[{"@type":"ListItem","position":1,"name":"Portada","item":"https:\/\/asb-latam.org\/"},{"@type":"ListItem","position":2,"name":"\u201cMi aspiraci\u00f3n es crear empleo para personas con discapacidad\u201d"}]},{"@type":"WebSite","@id":"https:\/\/asb-latam.org\/#website","url":"https:\/\/asb-latam.org\/","name":"ASB Am\u00e9rica Latina","description":"Ayudamos aqu\u00ed y ahora","potentialAction":[{"@type":"SearchAction","target":{"@type":"EntryPoint","urlTemplate":"https:\/\/asb-latam.org\/?s={search_term_string}"},"query-input":{"@type":"PropertyValueSpecification","valueRequired":true,"valueName":"search_term_string"}}],"inLanguage":"en-US"},{"@type":"Person","@id":"https:\/\/asb-latam.org\/#\/schema\/person\/38f9fa7875be1067361477d056ec1670","name":"Olmedo Morales","image":{"@type":"ImageObject","inLanguage":"en-US","@id":"https:\/\/secure.gravatar.com\/avatar\/4aa165ff7f1d00dd1a86a95c1811131f59f71d6f33063152cd7facb1945185a9?s=96&d=mm&r=g","url":"https:\/\/secure.gravatar.com\/avatar\/4aa165ff7f1d00dd1a86a95c1811131f59f71d6f33063152cd7facb1945185a9?s=96&d=mm&r=g","contentUrl":"https:\/\/secure.gravatar.com\/avatar\/4aa165ff7f1d00dd1a86a95c1811131f59f71d6f33063152cd7facb1945185a9?s=96&d=mm&r=g","caption":"Olmedo Morales"},"url":"https:\/\/asb-latam.org\/en\/author\/sabine\/"}]}},"_links":{"self":[{"href":"https:\/\/asb-latam.org\/en\/wp-json\/wp\/v2\/posts\/6630","targetHints":{"allow":["GET"]}}],"collection":[{"href":"https:\/\/asb-latam.org\/en\/wp-json\/wp\/v2\/posts"}],"about":[{"href":"https:\/\/asb-latam.org\/en\/wp-json\/wp\/v2\/types\/post"}],"author":[{"embeddable":true,"href":"https:\/\/asb-latam.org\/en\/wp-json\/wp\/v2\/users\/1"}],"replies":[{"embeddable":true,"href":"https:\/\/asb-latam.org\/en\/wp-json\/wp\/v2\/comments?post=6630"}],"version-history":[{"count":2,"href":"https:\/\/asb-latam.org\/en\/wp-json\/wp\/v2\/posts\/6630\/revisions"}],"predecessor-version":[{"id":6634,"href":"https:\/\/asb-latam.org\/en\/wp-json\/wp\/v2\/posts\/6630\/revisions\/6634"}],"wp:featuredmedia":[{"embeddable":true,"href":"https:\/\/asb-latam.org\/en\/wp-json\/wp\/v2\/media\/6631"}],"wp:attachment":[{"href":"https:\/\/asb-latam.org\/en\/wp-json\/wp\/v2\/media?parent=6630"}],"wp:term":[{"taxonomy":"category","embeddable":true,"href":"https:\/\/asb-latam.org\/en\/wp-json\/wp\/v2\/categories?post=6630"},{"taxonomy":"post_tag","embeddable":true,"href":"https:\/\/asb-latam.org\/en\/wp-json\/wp\/v2\/tags?post=6630"}],"curies":[{"name":"wp","href":"https:\/\/api.w.org\/{rel}","templated":true}]}}