{"id":6844,"date":"2024-05-27T14:57:34","date_gmt":"2024-05-27T20:57:34","guid":{"rendered":"https:\/\/asb-latam.org\/?p=6844"},"modified":"2024-05-27T14:57:34","modified_gmt":"2024-05-27T20:57:34","slug":"que-dice-el-clima-jovenes-hondurenos-monitorean-comportamiento-de-la-lluvia-en-sus-comunidades","status":"publish","type":"post","link":"https:\/\/asb-latam.org\/en\/que-dice-el-clima-jovenes-hondurenos-monitorean-comportamiento-de-la-lluvia-en-sus-comunidades\/","title":{"rendered":"\u00bfQu\u00e9 dice el clima? J\u00f3venes hondure\u00f1os monitorean comportamiento de la lluvia en sus comunidades"},"content":{"rendered":"<p>Es mediod\u00eda en El Papal\u00f3n, una de las comunidades m\u00e1s secas del municipio El Triunfo, quiz\u00e1 de toda Honduras. Los pobladores se refugian en sus casas para disfrutar del almuerzo y el polvo amarillento que antes enturbiaba la vista, se asienta por la falta de veh\u00edculos y transe\u00fantes.<\/p>\n<p>Las j\u00f3venes Yorlenis Elizabeth Torres y Sarai Escobar, proceden a mostrar c\u00f3mo funciona el pluvi\u00f3metro. Una de ellas vierte agua dentro de la boca del tubo de vidrio, explica c\u00f3mo se coloca el equipo y c\u00f3mo leer el dato una vez que se ha llenado.<\/p>\n<p>A continuaci\u00f3n, apunta los datos y el acumulado de esta informaci\u00f3n, lo refleja en gr\u00e1ficas coloridas y sencillas en una cartulina. Con esta informaci\u00f3n, ayudan a concluir c\u00f3mo ser\u00e1 la temporada lluviosa y c\u00f3mo deben reaccionar los comunitarios y productores agropecuarios.<\/p>\n<p>Ambas j\u00f3venes forman parte de la red de observadores y monitores del clima, un conjunto de voluntarios regados por los municipios El Corpus, Concepci\u00f3n de Mar\u00eda y El Triunfo, todos ellos ubicados en el corredor seco. A diciembre de 2023, se han conformado dos redes de observadores clim\u00e1ticos: una en Guatemala con 18 promotores (7 mujeres y 11 hombres) y una en Honduras con 40 promotores (18 mujeres y 22 hombres).<\/p>\n<p>Esta red de monitores forma parte de los resultados del proyecto <em><a href=\"https:\/\/asb-latam.org\/en\/proyectos\/programa-global-de-seguridad-alimentaria-para-las-poblaciones-afectadas-por-el-cambio-climatico-en-america-central-segunda-fase\/\">Food Security for Populations Affected by Climate Change in Central America (Phase II)<\/a>, <\/em>implementado en Honduras por el <a href=\"https:\/\/www.centrocdh.org\/\">Centro de Desarrollo Humano (CDH);<\/a>\u00a0<a href=\"https:\/\/cordes.org.sv\/\">CORDES<\/a> en El Salvador; y <a href=\"https:\/\/asorech.org.gt\/\">ASORECH<\/a> en Guatemala. El proyecto es financiado por el Ministerio Federal de Cooperaci\u00f3n Econ\u00f3mica y Desarrollo (BMZ) e implementado por ASB con el apoyo de los socios mencionados.<\/p>\n<p>Tanto Yorlenis como Sarai, toman los datos diariamente, elaboran gr\u00e1ficas para analizar datos hist\u00f3ricos y comparten la informaci\u00f3n a trav\u00e9s de la aplicaci\u00f3n Whatsapp. Esta informaci\u00f3n alimenta tambi\u00e9n el sistema de recolecci\u00f3n de informaci\u00f3n del Centro de Estudios Atmosf\u00e9ricos, Oceanogr\u00e1ficos y S\u00edsmicos (CENAOS), autoridad del gobierno hondure\u00f1o que analiza las variables meteorol\u00f3gicas y genera alertas que ayudan a gestionar el riesgo de desastres naturales.<\/p>\n<p>Los comunitarios valoran la informaci\u00f3n que Yorlenis y Sarai recolectan diariamente, porque el an\u00e1lisis de estos datos permite que los productores agropecuarios tomen decisiones con respecto a sus cultivos, garantiza la previsi\u00f3n y adaptaci\u00f3n ante las duras circunstancias de un clima cada vez m\u00e1s agresivo; y fomenta el involucramiento de todos en las actividades de inter\u00e9s para a comunidad.<\/p>\n<p>Una vez terminada la demostraci\u00f3n, Yorlenis y Sarai comentan su trabajo es diario, a las 6 de la ma\u00f1ana recogen los datos, sin falta. Lo que una vez fue una tarea meramente educativa, se ha convertido en una responsabilidad que las enorgullece y de la cual, depender\u00e1 lo que ocurra en la comunidad en el mediano plazo.<\/p>","protected":false},"excerpt":{"rendered":"<p>Es mediod\u00eda en El Papal\u00f3n, una de las comunidades m\u00e1s secas del municipio El Triunfo, quiz\u00e1 de toda [&hellip;]<\/p>\n","protected":false},"author":1,"featured_media":6845,"comment_status":"open","ping_status":"open","sticky":false,"template":"","format":"standard","meta":{"_acf_changed":false,"footnotes":""},"categories":[30,88,55,76],"tags":[],"class_list":["post-6844","post","type-post","status-publish","format-standard","has-post-thumbnail","hentry","category-gestion-del-riesgo-de-desastres","category-honduras","category-sequia","category-sistema-de-alerta-temprana"],"acf":[],"yoast_head":"<!-- This site is optimized with the Yoast SEO plugin v27.2 - https:\/\/yoast.com\/product\/yoast-seo-wordpress\/ -->\n<title>\u00bfQu\u00e9 dice el clima? J\u00f3venes hondure\u00f1os monitorean comportamiento de la lluvia en sus comunidades - ASB Am\u00e9rica Latina<\/title>\n<meta name=\"robots\" content=\"index, follow, max-snippet:-1, max-image-preview:large, max-video-preview:-1\" \/>\n<link rel=\"canonical\" href=\"https:\/\/asb-latam.org\/en\/que-dice-el-clima-jovenes-hondurenos-monitorean-comportamiento-de-la-lluvia-en-sus-comunidades\/\" \/>\n<meta property=\"og:locale\" content=\"en_US\" \/>\n<meta property=\"og:type\" content=\"article\" \/>\n<meta property=\"og:title\" content=\"\u00bfQu\u00e9 dice el clima? J\u00f3venes hondure\u00f1os monitorean comportamiento de la lluvia en sus comunidades - ASB Am\u00e9rica Latina\" \/>\n<meta property=\"og:description\" content=\"Es mediod\u00eda en El Papal\u00f3n, una de las comunidades m\u00e1s secas del municipio El Triunfo, quiz\u00e1 de toda [&hellip;]\" \/>\n<meta property=\"og:url\" content=\"https:\/\/asb-latam.org\/en\/que-dice-el-clima-jovenes-hondurenos-monitorean-comportamiento-de-la-lluvia-en-sus-comunidades\/\" \/>\n<meta property=\"og:site_name\" content=\"ASB Am\u00e9rica Latina\" \/>\n<meta property=\"article:published_time\" content=\"2024-05-27T20:57:34+00:00\" \/>\n<meta property=\"og:image\" content=\"https:\/\/asb-latam.org\/wp-content\/uploads\/2024\/05\/WEB-2.jpg\" \/>\n\t<meta property=\"og:image:width\" content=\"850\" \/>\n\t<meta property=\"og:image:height\" content=\"567\" \/>\n\t<meta property=\"og:image:type\" content=\"image\/jpeg\" \/>\n<meta name=\"author\" content=\"Olmedo Morales\" \/>\n<meta name=\"twitter:card\" content=\"summary_large_image\" \/>\n<meta name=\"twitter:label1\" content=\"Written by\" \/>\n\t<meta name=\"twitter:data1\" content=\"Olmedo Morales\" \/>\n\t<meta name=\"twitter:label2\" content=\"Est. reading time\" \/>\n\t<meta name=\"twitter:data2\" content=\"3 minutes\" \/>\n<script type=\"application\/ld+json\" class=\"yoast-schema-graph\">{\"@context\":\"https:\/\/schema.org\",\"@graph\":[{\"@type\":\"Article\",\"@id\":\"https:\/\/asb-latam.org\/que-dice-el-clima-jovenes-hondurenos-monitorean-comportamiento-de-la-lluvia-en-sus-comunidades\/#article\",\"isPartOf\":{\"@id\":\"https:\/\/asb-latam.org\/que-dice-el-clima-jovenes-hondurenos-monitorean-comportamiento-de-la-lluvia-en-sus-comunidades\/\"},\"author\":{\"name\":\"Olmedo Morales\",\"@id\":\"https:\/\/asb-latam.org\/#\/schema\/person\/38f9fa7875be1067361477d056ec1670\"},\"headline\":\"\u00bfQu\u00e9 dice el clima? J\u00f3venes hondure\u00f1os monitorean comportamiento de la lluvia en sus comunidades\",\"datePublished\":\"2024-05-27T20:57:34+00:00\",\"mainEntityOfPage\":{\"@id\":\"https:\/\/asb-latam.org\/que-dice-el-clima-jovenes-hondurenos-monitorean-comportamiento-de-la-lluvia-en-sus-comunidades\/\"},\"wordCount\":508,\"commentCount\":0,\"image\":{\"@id\":\"https:\/\/asb-latam.org\/que-dice-el-clima-jovenes-hondurenos-monitorean-comportamiento-de-la-lluvia-en-sus-comunidades\/#primaryimage\"},\"thumbnailUrl\":\"https:\/\/asb-latam.org\/wp-content\/uploads\/2024\/05\/WEB-2.jpg\",\"articleSection\":[\"Gestion del Riesgo de Desastres\",\"Honduras\",\"Sequ\u00eda\",\"Sistema de Alerta Temprana\"],\"inLanguage\":\"en-US\",\"potentialAction\":[{\"@type\":\"CommentAction\",\"name\":\"Comment\",\"target\":[\"https:\/\/asb-latam.org\/que-dice-el-clima-jovenes-hondurenos-monitorean-comportamiento-de-la-lluvia-en-sus-comunidades\/#respond\"]}]},{\"@type\":\"WebPage\",\"@id\":\"https:\/\/asb-latam.org\/que-dice-el-clima-jovenes-hondurenos-monitorean-comportamiento-de-la-lluvia-en-sus-comunidades\/\",\"url\":\"https:\/\/asb-latam.org\/que-dice-el-clima-jovenes-hondurenos-monitorean-comportamiento-de-la-lluvia-en-sus-comunidades\/\",\"name\":\"\u00bfQu\u00e9 dice el clima? J\u00f3venes hondure\u00f1os monitorean comportamiento de la lluvia en sus comunidades - ASB Am\u00e9rica Latina\",\"isPartOf\":{\"@id\":\"https:\/\/asb-latam.org\/#website\"},\"primaryImageOfPage\":{\"@id\":\"https:\/\/asb-latam.org\/que-dice-el-clima-jovenes-hondurenos-monitorean-comportamiento-de-la-lluvia-en-sus-comunidades\/#primaryimage\"},\"image\":{\"@id\":\"https:\/\/asb-latam.org\/que-dice-el-clima-jovenes-hondurenos-monitorean-comportamiento-de-la-lluvia-en-sus-comunidades\/#primaryimage\"},\"thumbnailUrl\":\"https:\/\/asb-latam.org\/wp-content\/uploads\/2024\/05\/WEB-2.jpg\",\"datePublished\":\"2024-05-27T20:57:34+00:00\",\"author\":{\"@id\":\"https:\/\/asb-latam.org\/#\/schema\/person\/38f9fa7875be1067361477d056ec1670\"},\"breadcrumb\":{\"@id\":\"https:\/\/asb-latam.org\/que-dice-el-clima-jovenes-hondurenos-monitorean-comportamiento-de-la-lluvia-en-sus-comunidades\/#breadcrumb\"},\"inLanguage\":\"en-US\",\"potentialAction\":[{\"@type\":\"ReadAction\",\"target\":[\"https:\/\/asb-latam.org\/que-dice-el-clima-jovenes-hondurenos-monitorean-comportamiento-de-la-lluvia-en-sus-comunidades\/\"]}]},{\"@type\":\"ImageObject\",\"inLanguage\":\"en-US\",\"@id\":\"https:\/\/asb-latam.org\/que-dice-el-clima-jovenes-hondurenos-monitorean-comportamiento-de-la-lluvia-en-sus-comunidades\/#primaryimage\",\"url\":\"https:\/\/asb-latam.org\/wp-content\/uploads\/2024\/05\/WEB-2.jpg\",\"contentUrl\":\"https:\/\/asb-latam.org\/wp-content\/uploads\/2024\/05\/WEB-2.jpg\",\"width\":850,\"height\":567},{\"@type\":\"BreadcrumbList\",\"@id\":\"https:\/\/asb-latam.org\/que-dice-el-clima-jovenes-hondurenos-monitorean-comportamiento-de-la-lluvia-en-sus-comunidades\/#breadcrumb\",\"itemListElement\":[{\"@type\":\"ListItem\",\"position\":1,\"name\":\"Portada\",\"item\":\"https:\/\/asb-latam.org\/\"},{\"@type\":\"ListItem\",\"position\":2,\"name\":\"\u00bfQu\u00e9 dice el clima? J\u00f3venes hondure\u00f1os monitorean comportamiento de la lluvia en sus comunidades\"}]},{\"@type\":\"WebSite\",\"@id\":\"https:\/\/asb-latam.org\/#website\",\"url\":\"https:\/\/asb-latam.org\/\",\"name\":\"ASB Am\u00e9rica Latina\",\"description\":\"Ayudamos aqu\u00ed y ahora\",\"potentialAction\":[{\"@type\":\"SearchAction\",\"target\":{\"@type\":\"EntryPoint\",\"urlTemplate\":\"https:\/\/asb-latam.org\/?s={search_term_string}\"},\"query-input\":{\"@type\":\"PropertyValueSpecification\",\"valueRequired\":true,\"valueName\":\"search_term_string\"}}],\"inLanguage\":\"en-US\"},{\"@type\":\"Person\",\"@id\":\"https:\/\/asb-latam.org\/#\/schema\/person\/38f9fa7875be1067361477d056ec1670\",\"name\":\"Olmedo Morales\",\"image\":{\"@type\":\"ImageObject\",\"inLanguage\":\"en-US\",\"@id\":\"https:\/\/secure.gravatar.com\/avatar\/4aa165ff7f1d00dd1a86a95c1811131f59f71d6f33063152cd7facb1945185a9?s=96&d=mm&r=g\",\"url\":\"https:\/\/secure.gravatar.com\/avatar\/4aa165ff7f1d00dd1a86a95c1811131f59f71d6f33063152cd7facb1945185a9?s=96&d=mm&r=g\",\"contentUrl\":\"https:\/\/secure.gravatar.com\/avatar\/4aa165ff7f1d00dd1a86a95c1811131f59f71d6f33063152cd7facb1945185a9?s=96&d=mm&r=g\",\"caption\":\"Olmedo Morales\"},\"url\":\"https:\/\/asb-latam.org\/en\/author\/sabine\/\"}]}<\/script>\n<!-- \/ Yoast SEO plugin. -->","yoast_head_json":{"title":"\u00bfQu\u00e9 dice el clima? J\u00f3venes hondure\u00f1os monitorean comportamiento de la lluvia en sus comunidades - ASB Am\u00e9rica Latina","robots":{"index":"index","follow":"follow","max-snippet":"max-snippet:-1","max-image-preview":"max-image-preview:large","max-video-preview":"max-video-preview:-1"},"canonical":"https:\/\/asb-latam.org\/en\/que-dice-el-clima-jovenes-hondurenos-monitorean-comportamiento-de-la-lluvia-en-sus-comunidades\/","og_locale":"en_US","og_type":"article","og_title":"\u00bfQu\u00e9 dice el clima? J\u00f3venes hondure\u00f1os monitorean comportamiento de la lluvia en sus comunidades - ASB Am\u00e9rica Latina","og_description":"Es mediod\u00eda en El Papal\u00f3n, una de las comunidades m\u00e1s secas del municipio El Triunfo, quiz\u00e1 de toda [&hellip;]","og_url":"https:\/\/asb-latam.org\/en\/que-dice-el-clima-jovenes-hondurenos-monitorean-comportamiento-de-la-lluvia-en-sus-comunidades\/","og_site_name":"ASB Am\u00e9rica Latina","article_published_time":"2024-05-27T20:57:34+00:00","og_image":[{"width":850,"height":567,"url":"https:\/\/asb-latam.org\/wp-content\/uploads\/2024\/05\/WEB-2.jpg","type":"image\/jpeg"}],"author":"Olmedo Morales","twitter_card":"summary_large_image","twitter_misc":{"Written by":"Olmedo Morales","Est. reading time":"3 minutes"},"schema":{"@context":"https:\/\/schema.org","@graph":[{"@type":"Article","@id":"https:\/\/asb-latam.org\/que-dice-el-clima-jovenes-hondurenos-monitorean-comportamiento-de-la-lluvia-en-sus-comunidades\/#article","isPartOf":{"@id":"https:\/\/asb-latam.org\/que-dice-el-clima-jovenes-hondurenos-monitorean-comportamiento-de-la-lluvia-en-sus-comunidades\/"},"author":{"name":"Olmedo Morales","@id":"https:\/\/asb-latam.org\/#\/schema\/person\/38f9fa7875be1067361477d056ec1670"},"headline":"\u00bfQu\u00e9 dice el clima? J\u00f3venes hondure\u00f1os monitorean comportamiento de la lluvia en sus comunidades","datePublished":"2024-05-27T20:57:34+00:00","mainEntityOfPage":{"@id":"https:\/\/asb-latam.org\/que-dice-el-clima-jovenes-hondurenos-monitorean-comportamiento-de-la-lluvia-en-sus-comunidades\/"},"wordCount":508,"commentCount":0,"image":{"@id":"https:\/\/asb-latam.org\/que-dice-el-clima-jovenes-hondurenos-monitorean-comportamiento-de-la-lluvia-en-sus-comunidades\/#primaryimage"},"thumbnailUrl":"https:\/\/asb-latam.org\/wp-content\/uploads\/2024\/05\/WEB-2.jpg","articleSection":["Gestion del Riesgo de Desastres","Honduras","Sequ\u00eda","Sistema de Alerta Temprana"],"inLanguage":"en-US","potentialAction":[{"@type":"CommentAction","name":"Comment","target":["https:\/\/asb-latam.org\/que-dice-el-clima-jovenes-hondurenos-monitorean-comportamiento-de-la-lluvia-en-sus-comunidades\/#respond"]}]},{"@type":"WebPage","@id":"https:\/\/asb-latam.org\/que-dice-el-clima-jovenes-hondurenos-monitorean-comportamiento-de-la-lluvia-en-sus-comunidades\/","url":"https:\/\/asb-latam.org\/que-dice-el-clima-jovenes-hondurenos-monitorean-comportamiento-de-la-lluvia-en-sus-comunidades\/","name":"\u00bfQu\u00e9 dice el clima? J\u00f3venes hondure\u00f1os monitorean comportamiento de la lluvia en sus comunidades - ASB Am\u00e9rica Latina","isPartOf":{"@id":"https:\/\/asb-latam.org\/#website"},"primaryImageOfPage":{"@id":"https:\/\/asb-latam.org\/que-dice-el-clima-jovenes-hondurenos-monitorean-comportamiento-de-la-lluvia-en-sus-comunidades\/#primaryimage"},"image":{"@id":"https:\/\/asb-latam.org\/que-dice-el-clima-jovenes-hondurenos-monitorean-comportamiento-de-la-lluvia-en-sus-comunidades\/#primaryimage"},"thumbnailUrl":"https:\/\/asb-latam.org\/wp-content\/uploads\/2024\/05\/WEB-2.jpg","datePublished":"2024-05-27T20:57:34+00:00","author":{"@id":"https:\/\/asb-latam.org\/#\/schema\/person\/38f9fa7875be1067361477d056ec1670"},"breadcrumb":{"@id":"https:\/\/asb-latam.org\/que-dice-el-clima-jovenes-hondurenos-monitorean-comportamiento-de-la-lluvia-en-sus-comunidades\/#breadcrumb"},"inLanguage":"en-US","potentialAction":[{"@type":"ReadAction","target":["https:\/\/asb-latam.org\/que-dice-el-clima-jovenes-hondurenos-monitorean-comportamiento-de-la-lluvia-en-sus-comunidades\/"]}]},{"@type":"ImageObject","inLanguage":"en-US","@id":"https:\/\/asb-latam.org\/que-dice-el-clima-jovenes-hondurenos-monitorean-comportamiento-de-la-lluvia-en-sus-comunidades\/#primaryimage","url":"https:\/\/asb-latam.org\/wp-content\/uploads\/2024\/05\/WEB-2.jpg","contentUrl":"https:\/\/asb-latam.org\/wp-content\/uploads\/2024\/05\/WEB-2.jpg","width":850,"height":567},{"@type":"BreadcrumbList","@id":"https:\/\/asb-latam.org\/que-dice-el-clima-jovenes-hondurenos-monitorean-comportamiento-de-la-lluvia-en-sus-comunidades\/#breadcrumb","itemListElement":[{"@type":"ListItem","position":1,"name":"Portada","item":"https:\/\/asb-latam.org\/"},{"@type":"ListItem","position":2,"name":"\u00bfQu\u00e9 dice el clima? J\u00f3venes hondure\u00f1os monitorean comportamiento de la lluvia en sus comunidades"}]},{"@type":"WebSite","@id":"https:\/\/asb-latam.org\/#website","url":"https:\/\/asb-latam.org\/","name":"ASB Am\u00e9rica Latina","description":"Ayudamos aqu\u00ed y ahora","potentialAction":[{"@type":"SearchAction","target":{"@type":"EntryPoint","urlTemplate":"https:\/\/asb-latam.org\/?s={search_term_string}"},"query-input":{"@type":"PropertyValueSpecification","valueRequired":true,"valueName":"search_term_string"}}],"inLanguage":"en-US"},{"@type":"Person","@id":"https:\/\/asb-latam.org\/#\/schema\/person\/38f9fa7875be1067361477d056ec1670","name":"Olmedo Morales","image":{"@type":"ImageObject","inLanguage":"en-US","@id":"https:\/\/secure.gravatar.com\/avatar\/4aa165ff7f1d00dd1a86a95c1811131f59f71d6f33063152cd7facb1945185a9?s=96&d=mm&r=g","url":"https:\/\/secure.gravatar.com\/avatar\/4aa165ff7f1d00dd1a86a95c1811131f59f71d6f33063152cd7facb1945185a9?s=96&d=mm&r=g","contentUrl":"https:\/\/secure.gravatar.com\/avatar\/4aa165ff7f1d00dd1a86a95c1811131f59f71d6f33063152cd7facb1945185a9?s=96&d=mm&r=g","caption":"Olmedo Morales"},"url":"https:\/\/asb-latam.org\/en\/author\/sabine\/"}]}},"_links":{"self":[{"href":"https:\/\/asb-latam.org\/en\/wp-json\/wp\/v2\/posts\/6844","targetHints":{"allow":["GET"]}}],"collection":[{"href":"https:\/\/asb-latam.org\/en\/wp-json\/wp\/v2\/posts"}],"about":[{"href":"https:\/\/asb-latam.org\/en\/wp-json\/wp\/v2\/types\/post"}],"author":[{"embeddable":true,"href":"https:\/\/asb-latam.org\/en\/wp-json\/wp\/v2\/users\/1"}],"replies":[{"embeddable":true,"href":"https:\/\/asb-latam.org\/en\/wp-json\/wp\/v2\/comments?post=6844"}],"version-history":[{"count":1,"href":"https:\/\/asb-latam.org\/en\/wp-json\/wp\/v2\/posts\/6844\/revisions"}],"predecessor-version":[{"id":6848,"href":"https:\/\/asb-latam.org\/en\/wp-json\/wp\/v2\/posts\/6844\/revisions\/6848"}],"wp:featuredmedia":[{"embeddable":true,"href":"https:\/\/asb-latam.org\/en\/wp-json\/wp\/v2\/media\/6845"}],"wp:attachment":[{"href":"https:\/\/asb-latam.org\/en\/wp-json\/wp\/v2\/media?parent=6844"}],"wp:term":[{"taxonomy":"category","embeddable":true,"href":"https:\/\/asb-latam.org\/en\/wp-json\/wp\/v2\/categories?post=6844"},{"taxonomy":"post_tag","embeddable":true,"href":"https:\/\/asb-latam.org\/en\/wp-json\/wp\/v2\/tags?post=6844"}],"curies":[{"name":"wp","href":"https:\/\/api.w.org\/{rel}","templated":true}]}}